{"id":304,"date":"2021-08-27T08:28:38","date_gmt":"2021-08-27T11:28:38","guid":{"rendered":"https:\/\/interessatb.com.br\/?p=304"},"modified":"2022-08-21T10:52:04","modified_gmt":"2022-08-21T13:52:04","slug":"joao-ivanir-de-morais-deixa-saudades-faleceu-dia-20-o-professor-e-homem-publico-exemplar-de-telemaco-borba","status":"publish","type":"post","link":"https:\/\/interessatb.com.br\/?p=304","title":{"rendered":"Jo\u00e3o Ivanir de Morais deixa saudades. Faleceu dia 20 o professor e homem p\u00fablico exemplar de Tel\u00eamaco Borba"},"content":{"rendered":"\n<p>Interessa TB presta sua homenagem \u00e0 mem\u00f3ria do professor Jo\u00e3o Ivanir de Morais. Homem p\u00fablico honrado e exemplo de cidad\u00e3o para a comunidade telemacoborbense, que deixou uma hist\u00f3ria digna e que certamente orgulha sua fam\u00edlia. O professor, pol\u00edtico e agente p\u00fablico sempre foi respeitado por onde passou, com um misto de carisma e seriedade.<\/p>\n\n\n\n<p>Exerceu o mandato de vereador de 1983 a 1992, por dois mandatos consecutivos. Era um dos baluartes do PMDB na cidade. Foi professor de matem\u00e1tica por muitos anos na rede p\u00fablica estadual, e por onde passava todos conheciam o seu bord\u00e3o: &#8220;e a\u00ed amizadinha?&#8221;. Ainda na \u00e1rea da educa\u00e7\u00e3o, foi chefe do N\u00facleo Regional de Educa\u00e7\u00e3o por 12 anos e no ano de 2012 atuou como Secret\u00e1rio Municipal de Educa\u00e7\u00e3o no munic\u00edpio.<\/p>\n\n\n\n<p>Um homem que valorizou a fam\u00edlia e os princ\u00edpios crist\u00e3os, Jo\u00e3o Ivanir de Morais era natural de Reserva, mas constituiu fam\u00edlia em Tel\u00eamaco Borba. Deixa a esposa Maria Nilza Buture de Morais e tr\u00eas filhos, Vin\u00edcius, Val\u00e9ria e Vanessa. Como empres\u00e1rio, foi o s\u00f3cio fundador da papelaria Joide, em conjunto com sua irm\u00e3 Idever. <\/p>\n\n\n\n<p>Jo\u00e3o Ivanir faleceu nesta sexta-feira, 20, em hospital de Ponta Grossa, v\u00edtima de um tumor no intestino, aos 68 anos de idade. O sepultamento ocorreu no Cemit\u00e9rio Jardim da Saudade, no dia 21.<\/p>\n\n\n\n<p><\/p>\n","protected":false},"excerpt":{"rendered":"<div class=\"mh-excerpt\"><p>Interessa TB presta sua homenagem \u00e0 mem\u00f3ria do professor Jo\u00e3o Ivanir de Morais. Homem p\u00fablico honrado e exemplo de cidad\u00e3o para a comunidade telemacoborbense, que <a class=\"mh-excerpt-more\" href=\"https:\/\/interessatb.com.br\/?p=304\" title=\"Jo\u00e3o Ivanir de Morais deixa saudades. Faleceu dia 20 o professor e homem p\u00fablico exemplar de Tel\u00eamaco Borba\">[&#8230;]<\/a><\/p>\n<\/div>","protected":false},"author":1,"featured_media":1238,"comment_status":"closed","ping_status":"closed","sticky":false,"template":"","format":"standard","meta":{"footnotes":""},"categories":[2,5,13],"tags":[],"class_list":["post-304","post","type-post","status-publish","format-standard","has-post-thumbnail","hentry","category-cidade","category-educacao","category-politica"],"_links":{"self":[{"href":"https:\/\/interessatb.com.br\/index.php?rest_route=\/wp\/v2\/posts\/304","targetHints":{"allow":["GET"]}}],"collection":[{"href":"https:\/\/interessatb.com.br\/index.php?rest_route=\/wp\/v2\/posts"}],"about":[{"href":"https:\/\/interessatb.com.br\/index.php?rest_route=\/wp\/v2\/types\/post"}],"author":[{"embeddable":true,"href":"https:\/\/interessatb.com.br\/index.php?rest_route=\/wp\/v2\/users\/1"}],"replies":[{"embeddable":true,"href":"https:\/\/interessatb.com.br\/index.php?rest_route=%2Fwp%2Fv2%2Fcomments&post=304"}],"version-history":[{"count":1,"href":"https:\/\/interessatb.com.br\/index.php?rest_route=\/wp\/v2\/posts\/304\/revisions"}],"predecessor-version":[{"id":1239,"href":"https:\/\/interessatb.com.br\/index.php?rest_route=\/wp\/v2\/posts\/304\/revisions\/1239"}],"wp:featuredmedia":[{"embeddable":true,"href":"https:\/\/interessatb.com.br\/index.php?rest_route=\/wp\/v2\/media\/1238"}],"wp:attachment":[{"href":"https:\/\/interessatb.com.br\/index.php?rest_route=%2Fwp%2Fv2%2Fmedia&parent=304"}],"wp:term":[{"taxonomy":"category","embeddable":true,"href":"https:\/\/interessatb.com.br\/index.php?rest_route=%2Fwp%2Fv2%2Fcategories&post=304"},{"taxonomy":"post_tag","embeddable":true,"href":"https:\/\/interessatb.com.br\/index.php?rest_route=%2Fwp%2Fv2%2Ftags&post=304"}],"curies":[{"name":"wp","href":"https:\/\/api.w.org\/{rel}","templated":true}]}}