{"id":3048,"date":"2025-02-19T15:44:47","date_gmt":"2025-02-19T18:44:47","guid":{"rendered":"https:\/\/interessatb.com.br\/?p=3048"},"modified":"2025-02-19T15:44:47","modified_gmt":"2025-02-19T18:44:47","slug":"diretores-das-escolas-publicas-estaduais-recebem-capacitacao-em-foz-do-iguacu","status":"publish","type":"post","link":"https:\/\/interessatb.com.br\/?p=3048","title":{"rendered":"Diretores das escolas p\u00fablicas estaduais recebem capacita\u00e7\u00e3o em Foz do Igua\u00e7u"},"content":{"rendered":"\n<p>Mais de 2 mil diretores escolares da rede estadual do Paran\u00e1 participam, entre 17 e 27 de fevereiro, do I Semin\u00e1rio de Diretores de 2025, em Foz do Igua\u00e7u. O evento, promovido pela Secretaria de Estado da Educa\u00e7\u00e3o (Seed-PR), tem como objetivo capacitar e atualizar os gestores escolares em temas fundamentais para a melhoria da organiza\u00e7\u00e3o do trabalho pedag\u00f3gico, gest\u00e3o do clima escolar e melhoria dos resultados de aprendizagem ao longo deste ano.<\/p>\n\n\n\n<p>O semin\u00e1rio ser\u00e1 realizado em dois grupos: o primeiro entre os dias 17 e 20 de fevereiro, e o segundo de 24 a 27 de fevereiro, garantindo que todos os diretores possam participar das atividades de forma din\u00e2mica e interativa. Al\u00e9m dos gestores escolares, o evento contar\u00e1 com a presen\u00e7a do secret\u00e1rio de Estado da Educa\u00e7\u00e3o, Roni Miranda, e equipes da Seed-PR.<\/p>\n\n\n\n<p>Para o secret\u00e1rio de Estado da Educa\u00e7\u00e3o, o encontro refor\u00e7a a import\u00e2ncia do papel da gest\u00e3o escolar para o avan\u00e7o da educa\u00e7\u00e3o paranaense. \u201cOs diretores s\u00e3o pe\u00e7as-chave na constru\u00e7\u00e3o de um ambiente escolar organizado, acolhedor e com foco na aprendizagem. Este semin\u00e1rio \u00e9 um espa\u00e7o de troca de experi\u00eancias e aperfei\u00e7oamento, essencial para fortalecermos a educa\u00e7\u00e3o p\u00fablica no Paran\u00e1\u201d, destaca.<\/p>\n\n\n\n<p>O cronograma do evento inclui oficinas, palestras e f\u00f3runs cujo foco ser\u00e3o estrat\u00e9gias para melhorar as taxas de aprova\u00e7\u00e3o, reduzir a evas\u00e3o e reprova\u00e7\u00e3o escolar, al\u00e9m de pr\u00e1ticas voltadas \u00e0 recomposi\u00e7\u00e3o das aprendizagens e avalia\u00e7\u00e3o escolar.<\/p>\n\n\n\n<p><em>Fonte: Adaptado de AEN\/PR<\/em><\/p>\n","protected":false},"excerpt":{"rendered":"<div class=\"mh-excerpt\"><p>Mais de 2 mil diretores escolares da rede estadual do Paran\u00e1 participam, entre 17 e 27 de fevereiro, do I Semin\u00e1rio de Diretores de 2025, <a class=\"mh-excerpt-more\" href=\"https:\/\/interessatb.com.br\/?p=3048\" title=\"Diretores das escolas p\u00fablicas estaduais recebem capacita\u00e7\u00e3o em Foz do Igua\u00e7u\">[&#8230;]<\/a><\/p>\n<\/div>","protected":false},"author":1,"featured_media":3049,"comment_status":"closed","ping_status":"closed","sticky":false,"template":"","format":"standard","meta":{"footnotes":""},"categories":[5,12,14],"tags":[],"class_list":["post-3048","post","type-post","status-publish","format-standard","has-post-thumbnail","hentry","category-educacao","category-parana","category-regiao"],"_links":{"self":[{"href":"https:\/\/interessatb.com.br\/index.php?rest_route=\/wp\/v2\/posts\/3048","targetHints":{"allow":["GET"]}}],"collection":[{"href":"https:\/\/interessatb.com.br\/index.php?rest_route=\/wp\/v2\/posts"}],"about":[{"href":"https:\/\/interessatb.com.br\/index.php?rest_route=\/wp\/v2\/types\/post"}],"author":[{"embeddable":true,"href":"https:\/\/interessatb.com.br\/index.php?rest_route=\/wp\/v2\/users\/1"}],"replies":[{"embeddable":true,"href":"https:\/\/interessatb.com.br\/index.php?rest_route=%2Fwp%2Fv2%2Fcomments&post=3048"}],"version-history":[{"count":1,"href":"https:\/\/interessatb.com.br\/index.php?rest_route=\/wp\/v2\/posts\/3048\/revisions"}],"predecessor-version":[{"id":3050,"href":"https:\/\/interessatb.com.br\/index.php?rest_route=\/wp\/v2\/posts\/3048\/revisions\/3050"}],"wp:featuredmedia":[{"embeddable":true,"href":"https:\/\/interessatb.com.br\/index.php?rest_route=\/wp\/v2\/media\/3049"}],"wp:attachment":[{"href":"https:\/\/interessatb.com.br\/index.php?rest_route=%2Fwp%2Fv2%2Fmedia&parent=3048"}],"wp:term":[{"taxonomy":"category","embeddable":true,"href":"https:\/\/interessatb.com.br\/index.php?rest_route=%2Fwp%2Fv2%2Fcategories&post=3048"},{"taxonomy":"post_tag","embeddable":true,"href":"https:\/\/interessatb.com.br\/index.php?rest_route=%2Fwp%2Fv2%2Ftags&post=3048"}],"curies":[{"name":"wp","href":"https:\/\/api.w.org\/{rel}","templated":true}]}}