{"id":3056,"date":"2025-03-20T10:52:17","date_gmt":"2025-03-20T13:52:17","guid":{"rendered":"https:\/\/interessatb.com.br\/?p=3056"},"modified":"2025-06-01T08:49:09","modified_gmt":"2025-06-01T11:49:09","slug":"talentos-locais-se-apresentam-na-expo-telemaco-deste-ano","status":"publish","type":"post","link":"https:\/\/interessatb.com.br\/?p=3056","title":{"rendered":"Talentos Locais se apresentam na Expo Tel\u00eamaco deste ano, em comemora\u00e7\u00e3o aos 61 anos da cidade"},"content":{"rendered":"\n<p>O segundo dia da comemora\u00e7\u00e3o dos 61 anos de Tel\u00eamaco Borba foi com a participa\u00e7\u00e3o de grande p\u00fablico. A apresenta\u00e7\u00e3o dos Talentos Locais, que venceram o Festival Gomar\u00e1bica,  movimentaram o Palco Maestro Sirinho e o Palco 2.<\/p>\n\n\n\n<p>As atra\u00e7\u00f5es se apresentam entre quarta-feira, 19, e domingo, 23. O elenco de artistas locais, por ordem de apresenta\u00e7\u00e3o: MR Duff, Kartus Band, Danny Wandre, Will Sing e Elma, Bira, Obasiko, Brenda Brezze, Felipe Oliveira e o Grupo Nosso Jeito, Lohan e Lorenz, Senhorita Jones, Grupo Par\u00e7a, Aline Bahr, Willian e Diego, Jo\u00e3o e Henri, Erica Prado, Trio Bem Querer, Rodrigo e Ricardo Henrique e Gustavo , Priscila Machado.<\/p>\n\n\n\n<figure class=\"wp-block-gallery has-nested-images columns-default is-cropped wp-block-gallery-1 is-layout-flex wp-block-gallery-is-layout-flex\">\n<figure class=\"wp-block-image size-large\"><img loading=\"lazy\" decoding=\"async\" width=\"1024\" height=\"683\" data-id=\"3059\" src=\"https:\/\/interessatb.com.br\/wp-content\/uploads\/2025\/03\/Artistas-locais-Expo-TB-2025-02-1024x683.jpg\" alt=\"\" class=\"wp-image-3059\" srcset=\"https:\/\/interessatb.com.br\/wp-content\/uploads\/2025\/03\/Artistas-locais-Expo-TB-2025-02-1024x683.jpg 1024w, https:\/\/interessatb.com.br\/wp-content\/uploads\/2025\/03\/Artistas-locais-Expo-TB-2025-02-300x200.jpg 300w, https:\/\/interessatb.com.br\/wp-content\/uploads\/2025\/03\/Artistas-locais-Expo-TB-2025-02-768x512.jpg 768w, https:\/\/interessatb.com.br\/wp-content\/uploads\/2025\/03\/Artistas-locais-Expo-TB-2025-02.jpg 1280w\" sizes=\"auto, (max-width: 1024px) 100vw, 1024px\" \/><\/figure>\n\n\n\n<figure class=\"wp-block-image size-large\"><img loading=\"lazy\" decoding=\"async\" width=\"1024\" height=\"683\" data-id=\"3060\" src=\"https:\/\/interessatb.com.br\/wp-content\/uploads\/2025\/03\/Artistas-locais-Expo-TB-2025-03-1024x683.jpg\" alt=\"\" class=\"wp-image-3060\" srcset=\"https:\/\/interessatb.com.br\/wp-content\/uploads\/2025\/03\/Artistas-locais-Expo-TB-2025-03-1024x683.jpg 1024w, https:\/\/interessatb.com.br\/wp-content\/uploads\/2025\/03\/Artistas-locais-Expo-TB-2025-03-300x200.jpg 300w, https:\/\/interessatb.com.br\/wp-content\/uploads\/2025\/03\/Artistas-locais-Expo-TB-2025-03-768x512.jpg 768w, https:\/\/interessatb.com.br\/wp-content\/uploads\/2025\/03\/Artistas-locais-Expo-TB-2025-03.jpg 1280w\" sizes=\"auto, (max-width: 1024px) 100vw, 1024px\" \/><\/figure>\n<\/figure>\n\n\n\n<p>A import\u00e2ncia do espa\u00e7o no palco para estes artistas, em meio a atra\u00e7\u00f5es consagradas em n\u00edvel nacional e at\u00e9 internacional, \u00e9 um grande impulso em suas carreiras. A organiza\u00e7\u00e3o do evento foi acertou na escolha, ao possibilitar esta oportunidade.<\/p>\n\n\n\n<p><em>Fonte: Adaptado de Divulga\u00e7\u00e3o PMTB.<\/em><\/p>\n","protected":false},"excerpt":{"rendered":"<div class=\"mh-excerpt\"><p>O segundo dia da comemora\u00e7\u00e3o dos 61 anos de Tel\u00eamaco Borba foi com a participa\u00e7\u00e3o de grande p\u00fablico. A apresenta\u00e7\u00e3o dos Talentos Locais, que venceram <a class=\"mh-excerpt-more\" href=\"https:\/\/interessatb.com.br\/?p=3056\" title=\"Talentos Locais se apresentam na Expo Tel\u00eamaco deste ano, em comemora\u00e7\u00e3o aos 61 anos da cidade\">[&#8230;]<\/a><\/p>\n<\/div>","protected":false},"author":1,"featured_media":3058,"comment_status":"closed","ping_status":"closed","sticky":false,"template":"","format":"standard","meta":{"footnotes":""},"categories":[2,19],"tags":[],"class_list":["post-3056","post","type-post","status-publish","format-standard","has-post-thumbnail","hentry","category-cidade","category-cultura"],"_links":{"self":[{"href":"https:\/\/interessatb.com.br\/index.php?rest_route=\/wp\/v2\/posts\/3056","targetHints":{"allow":["GET"]}}],"collection":[{"href":"https:\/\/interessatb.com.br\/index.php?rest_route=\/wp\/v2\/posts"}],"about":[{"href":"https:\/\/interessatb.com.br\/index.php?rest_route=\/wp\/v2\/types\/post"}],"author":[{"embeddable":true,"href":"https:\/\/interessatb.com.br\/index.php?rest_route=\/wp\/v2\/users\/1"}],"replies":[{"embeddable":true,"href":"https:\/\/interessatb.com.br\/index.php?rest_route=%2Fwp%2Fv2%2Fcomments&post=3056"}],"version-history":[{"count":4,"href":"https:\/\/interessatb.com.br\/index.php?rest_route=\/wp\/v2\/posts\/3056\/revisions"}],"predecessor-version":[{"id":3064,"href":"https:\/\/interessatb.com.br\/index.php?rest_route=\/wp\/v2\/posts\/3056\/revisions\/3064"}],"wp:featuredmedia":[{"embeddable":true,"href":"https:\/\/interessatb.com.br\/index.php?rest_route=\/wp\/v2\/media\/3058"}],"wp:attachment":[{"href":"https:\/\/interessatb.com.br\/index.php?rest_route=%2Fwp%2Fv2%2Fmedia&parent=3056"}],"wp:term":[{"taxonomy":"category","embeddable":true,"href":"https:\/\/interessatb.com.br\/index.php?rest_route=%2Fwp%2Fv2%2Fcategories&post=3056"},{"taxonomy":"post_tag","embeddable":true,"href":"https:\/\/interessatb.com.br\/index.php?rest_route=%2Fwp%2Fv2%2Ftags&post=3056"}],"curies":[{"name":"wp","href":"https:\/\/api.w.org\/{rel}","templated":true}]}}