{"id":3103,"date":"2025-05-15T08:58:00","date_gmt":"2025-05-15T11:58:00","guid":{"rendered":"https:\/\/interessatb.com.br\/?p=3103"},"modified":"2025-06-01T08:59:10","modified_gmt":"2025-06-01T11:59:10","slug":"acesso-a-via-marginal-da-pr-160-sera-alterado-em-telemaco-borba-nos-campos-gerais","status":"publish","type":"post","link":"https:\/\/interessatb.com.br\/?p=3103","title":{"rendered":"Acesso \u00e0 via marginal da PR-160 ser\u00e1 alterado em Tel\u00eamaco Borba, nos Campos Gerais"},"content":{"rendered":"\n<p>A partir desta quinta-feira (15), haver\u00e1 mudan\u00e7a para quem sai da rodovia PR-160 em dire\u00e7\u00e3o \u00e0 marginal Engenheiro Elias Ant\u00f4nio Zattar, no sentido Centro \u2013 Jardim Bandeirantes, em Tel\u00eamaco Borba, nos Campos Gerais. A altera\u00e7\u00e3o no tr\u00e1fego de ve\u00edculos \u00e9 parte da obra de implanta\u00e7\u00e3o de uma nova trincheira no local.<\/p>\n\n\n\n<p>Uma interliga\u00e7\u00e3o provis\u00f3ria ser\u00e1 constru\u00edda na altura do km 215, permitindo o acesso de ve\u00edculos \u00e0 marginal, at\u00e9 que o acesso definitivo esteja constru\u00eddo. O local estar\u00e1 devidamente sinalizado.<\/p>\n\n\n\n<p>Os ve\u00edculos que trafegam pela marginal poder\u00e3o acessar a rodovia PR-160 somente por meio da rotat\u00f3ria do km 217, pr\u00f3xima \u00e0 trincheira do Jardim Bandeirantes.<\/p>\n\n\n\n<p>A obra da trincheira parte do Protocolo de Inten\u00e7\u00f5es e do Termo de Compromisso firmados entre a Klabin e o Governo do Estado, por meio da Secretaria de Infraestrutura e Log\u00edstica (SEIL), do Departamento de Estradas de Rodagem do Paran\u00e1 (DER\/PR) e da Secretaria da Fazenda (Sefa).<\/p>\n\n\n\n<p><em>Fonte: Adaptado de AEN\/PR.<\/em><\/p>\n","protected":false},"excerpt":{"rendered":"<div class=\"mh-excerpt\"><p>A partir desta quinta-feira (15), haver\u00e1 mudan\u00e7a para quem sai da rodovia PR-160 em dire\u00e7\u00e3o \u00e0 marginal Engenheiro Elias Ant\u00f4nio Zattar, no sentido Centro \u2013 <a class=\"mh-excerpt-more\" href=\"https:\/\/interessatb.com.br\/?p=3103\" title=\"Acesso \u00e0 via marginal da PR-160 ser\u00e1 alterado em Tel\u00eamaco Borba, nos Campos Gerais\">[&#8230;]<\/a><\/p>\n<\/div>","protected":false},"author":1,"featured_media":3104,"comment_status":"closed","ping_status":"closed","sticky":false,"template":"","format":"standard","meta":{"footnotes":""},"categories":[2],"tags":[],"class_list":["post-3103","post","type-post","status-publish","format-standard","has-post-thumbnail","hentry","category-cidade"],"_links":{"self":[{"href":"https:\/\/interessatb.com.br\/index.php?rest_route=\/wp\/v2\/posts\/3103","targetHints":{"allow":["GET"]}}],"collection":[{"href":"https:\/\/interessatb.com.br\/index.php?rest_route=\/wp\/v2\/posts"}],"about":[{"href":"https:\/\/interessatb.com.br\/index.php?rest_route=\/wp\/v2\/types\/post"}],"author":[{"embeddable":true,"href":"https:\/\/interessatb.com.br\/index.php?rest_route=\/wp\/v2\/users\/1"}],"replies":[{"embeddable":true,"href":"https:\/\/interessatb.com.br\/index.php?rest_route=%2Fwp%2Fv2%2Fcomments&post=3103"}],"version-history":[{"count":1,"href":"https:\/\/interessatb.com.br\/index.php?rest_route=\/wp\/v2\/posts\/3103\/revisions"}],"predecessor-version":[{"id":3105,"href":"https:\/\/interessatb.com.br\/index.php?rest_route=\/wp\/v2\/posts\/3103\/revisions\/3105"}],"wp:featuredmedia":[{"embeddable":true,"href":"https:\/\/interessatb.com.br\/index.php?rest_route=\/wp\/v2\/media\/3104"}],"wp:attachment":[{"href":"https:\/\/interessatb.com.br\/index.php?rest_route=%2Fwp%2Fv2%2Fmedia&parent=3103"}],"wp:term":[{"taxonomy":"category","embeddable":true,"href":"https:\/\/interessatb.com.br\/index.php?rest_route=%2Fwp%2Fv2%2Fcategories&post=3103"},{"taxonomy":"post_tag","embeddable":true,"href":"https:\/\/interessatb.com.br\/index.php?rest_route=%2Fwp%2Fv2%2Ftags&post=3103"}],"curies":[{"name":"wp","href":"https:\/\/api.w.org\/{rel}","templated":true}]}}