{"id":3115,"date":"2025-06-27T08:11:41","date_gmt":"2025-06-27T11:11:41","guid":{"rendered":"https:\/\/interessatb.com.br\/?p=3115"},"modified":"2025-07-26T07:33:06","modified_gmt":"2025-07-26T10:33:06","slug":"pr-160-em-telemaco-borba-tem-3a-faixa-bloqueada-por-risco-de-queda-de-barreira","status":"publish","type":"post","link":"https:\/\/interessatb.com.br\/?p=3115","title":{"rendered":"PR-160 em Tel\u00eamaco Borba tem 3\u00aa faixa bloqueada por risco de queda de barreira"},"content":{"rendered":"\n<p>O Departamento de Estradas de Rodagem do Paran\u00e1 (DER\/PR) informa que o km 214 da PR-160, em Tel\u00eamaco Borba, nos Campos Gerais, est\u00e1 com uma terceira faixa de tr\u00e1fego bloqueada devido ao risco de deslizamento de rochas do talude pr\u00f3ximo \u00e0 pista. A interdi\u00e7\u00e3o parcial tem extens\u00e3o de 250 metros.<\/p>\n\n\n\n<p>Foram retiradas emergencialmente \u00e1rvores que apresentavam instabilidade no trecho, tamb\u00e9m com risco de ca\u00edrem sobre a pista, e executada sinaliza\u00e7\u00e3o provis\u00f3ria para isolar a faixa.<\/p>\n\n\n\n<p>O tr\u00e1fego segue normalmente pelo restante da pista. O DER\/PR vai avaliar o talude quanto a interven\u00e7\u00f5es e obras necess\u00e1rias para corrigir a situa\u00e7\u00e3o, n\u00e3o havendo previs\u00e3o de liberar a faixa no momento.<\/p>\n\n\n\n<p><em>Fonte: AEN PR<\/em><\/p>\n","protected":false},"excerpt":{"rendered":"<div class=\"mh-excerpt\"><p>O Departamento de Estradas de Rodagem do Paran\u00e1 (DER\/PR) informa que o km 214 da PR-160, em Tel\u00eamaco Borba, nos Campos Gerais, est\u00e1 com uma <a class=\"mh-excerpt-more\" href=\"https:\/\/interessatb.com.br\/?p=3115\" title=\"PR-160 em Tel\u00eamaco Borba tem 3\u00aa faixa bloqueada por risco de queda de barreira\">[&#8230;]<\/a><\/p>\n<\/div>","protected":false},"author":1,"featured_media":3116,"comment_status":"closed","ping_status":"closed","sticky":false,"template":"","format":"standard","meta":{"footnotes":""},"categories":[2],"tags":[],"class_list":["post-3115","post","type-post","status-publish","format-standard","has-post-thumbnail","hentry","category-cidade"],"_links":{"self":[{"href":"https:\/\/interessatb.com.br\/index.php?rest_route=\/wp\/v2\/posts\/3115","targetHints":{"allow":["GET"]}}],"collection":[{"href":"https:\/\/interessatb.com.br\/index.php?rest_route=\/wp\/v2\/posts"}],"about":[{"href":"https:\/\/interessatb.com.br\/index.php?rest_route=\/wp\/v2\/types\/post"}],"author":[{"embeddable":true,"href":"https:\/\/interessatb.com.br\/index.php?rest_route=\/wp\/v2\/users\/1"}],"replies":[{"embeddable":true,"href":"https:\/\/interessatb.com.br\/index.php?rest_route=%2Fwp%2Fv2%2Fcomments&post=3115"}],"version-history":[{"count":2,"href":"https:\/\/interessatb.com.br\/index.php?rest_route=\/wp\/v2\/posts\/3115\/revisions"}],"predecessor-version":[{"id":3119,"href":"https:\/\/interessatb.com.br\/index.php?rest_route=\/wp\/v2\/posts\/3115\/revisions\/3119"}],"wp:featuredmedia":[{"embeddable":true,"href":"https:\/\/interessatb.com.br\/index.php?rest_route=\/wp\/v2\/media\/3116"}],"wp:attachment":[{"href":"https:\/\/interessatb.com.br\/index.php?rest_route=%2Fwp%2Fv2%2Fmedia&parent=3115"}],"wp:term":[{"taxonomy":"category","embeddable":true,"href":"https:\/\/interessatb.com.br\/index.php?rest_route=%2Fwp%2Fv2%2Fcategories&post=3115"},{"taxonomy":"post_tag","embeddable":true,"href":"https:\/\/interessatb.com.br\/index.php?rest_route=%2Fwp%2Fv2%2Ftags&post=3115"}],"curies":[{"name":"wp","href":"https:\/\/api.w.org\/{rel}","templated":true}]}}