{"id":3126,"date":"2025-07-22T23:10:07","date_gmt":"2025-07-23T02:10:07","guid":{"rendered":"https:\/\/interessatb.com.br\/?p=3126"},"modified":"2025-07-26T07:34:05","modified_gmt":"2025-07-26T10:34:05","slug":"braspine-anuncia-nova-etapa-de-ferias-coletivas-que-afeta-a-unidade-de-telemaco-borba","status":"publish","type":"post","link":"https:\/\/interessatb.com.br\/?p=3126","title":{"rendered":"Braspine anuncia nova etapa de f\u00e9rias coletivas, que afeta a unidade de Tel\u00eamaco Borba"},"content":{"rendered":"\n<p>O comunicado foi feito nesta ter\u00e7a-feira, 22, pela empresa. O motivo foram as tarifas impostas pelo governo Trump, EUA, embora a empresa tenha sido comedida em suas declara\u00e7\u00f5es.<\/p>\n\n\n\n<p>A decis\u00e3o afeta diretamente 750 trabalhadores da unidade de Tel\u00eamaco Borba. Os demais atingidos pela medida s\u00e3o da unidade de Jaguaria\u00edva (segundo site G1). Veja o comunicado da empresa na \u00edntegra:<\/p>\n\n\n\n<p>&#8216;<strong>COMUNICADO OFICIAL \u00c0 IMPRENSA<\/strong><\/p>\n\n\n\n<p>BrasPine anuncia nova etapa de f\u00e9rias coletivas, agora na unidade de Tel\u00eamaco Borba (PR)<\/p>\n\n\n\n<p>A BrasPine informa que, diante das dificuldades comerciais geradas pelas tarifas americanas atualmente em vigor em mercados estrat\u00e9gicos, conceder\u00e1 <strong>f\u00e9rias coletivas a 1.500 dos 2.500 colaboradores<\/strong> diretos de suas unidades em Jaguaria\u00edva e Tel\u00eamaco Borba, no Paran\u00e1.<\/p>\n\n\n\n<p>A decis\u00e3o foi motivada pela perda  de competitividade frente a outros mercados exportadores, que seguem operando com tarifas entre 10% e 20%, enquanto os produtos brasileiros enfrentam uma taxa de 50% \u2014 fator que impactou diretamente a demanda  por madeira nacional.<\/p>\n\n\n\n<p><em>&#8220;Reconhecemos que esta nova de f\u00e9rias coletivas  \u2014  a segunda este ano para esta unidade  \u2014 traz impactos pessoais  e organizacionais. No entanto , trata-se de uma medida estrat\u00e9gica que visa proteger empregos  e garantir  a continuidade  da BrasPine  no longo prazo&#8221;<\/em> afirma Eduardo  Loges, CEO da companhia.<\/p>\n\n\n\n<p>A empresa refor\u00e7a sua expectativa de que as negocia\u00e7\u00f5es entre os governos brasileiro e americano avancem com responsabilidade diplom\u00e1tica  e t\u00e9cnica, permitindo um ambiente comercial mais justo e est\u00e1vel.<\/p>\n\n\n\n<p><em>&#8220;Orgulhosamente paranaense, a BrasPine nasceu h\u00e1 28 anos e mant\u00e9m firme seu compromisso com a transpar\u00eancia , o respeito \u00e0s pessoas e o desenvolvimento respons\u00e1vel. Em cada decis\u00e3o, especialmente nos momentos mais desafiadores, reafirmamos nosso papel social e econ\u00f4mico nas regi\u00f5es onde atuamos&#8221;<\/em>, finaliza  Armando Giacomet, Fundador e Membro do Conselho da Braspine.<\/p>\n\n\n\n<p>22 de julho de 2025.&#8217;<\/p>\n","protected":false},"excerpt":{"rendered":"<div class=\"mh-excerpt\"><p>O comunicado foi feito nesta ter\u00e7a-feira, 22, pela empresa. O motivo foram as tarifas impostas pelo governo Trump, EUA, embora a empresa tenha sido comedida <a class=\"mh-excerpt-more\" href=\"https:\/\/interessatb.com.br\/?p=3126\" title=\"Braspine anuncia nova etapa de f\u00e9rias coletivas, que afeta a unidade de Tel\u00eamaco Borba\">[&#8230;]<\/a><\/p>\n<\/div>","protected":false},"author":1,"featured_media":3127,"comment_status":"closed","ping_status":"closed","sticky":false,"template":"","format":"standard","meta":{"footnotes":""},"categories":[4,20,14],"tags":[],"class_list":["post-3126","post","type-post","status-publish","format-standard","has-post-thumbnail","hentry","category-economia","category-industria-e-comercio","category-regiao"],"_links":{"self":[{"href":"https:\/\/interessatb.com.br\/index.php?rest_route=\/wp\/v2\/posts\/3126","targetHints":{"allow":["GET"]}}],"collection":[{"href":"https:\/\/interessatb.com.br\/index.php?rest_route=\/wp\/v2\/posts"}],"about":[{"href":"https:\/\/interessatb.com.br\/index.php?rest_route=\/wp\/v2\/types\/post"}],"author":[{"embeddable":true,"href":"https:\/\/interessatb.com.br\/index.php?rest_route=\/wp\/v2\/users\/1"}],"replies":[{"embeddable":true,"href":"https:\/\/interessatb.com.br\/index.php?rest_route=%2Fwp%2Fv2%2Fcomments&post=3126"}],"version-history":[{"count":1,"href":"https:\/\/interessatb.com.br\/index.php?rest_route=\/wp\/v2\/posts\/3126\/revisions"}],"predecessor-version":[{"id":3129,"href":"https:\/\/interessatb.com.br\/index.php?rest_route=\/wp\/v2\/posts\/3126\/revisions\/3129"}],"wp:featuredmedia":[{"embeddable":true,"href":"https:\/\/interessatb.com.br\/index.php?rest_route=\/wp\/v2\/media\/3127"}],"wp:attachment":[{"href":"https:\/\/interessatb.com.br\/index.php?rest_route=%2Fwp%2Fv2%2Fmedia&parent=3126"}],"wp:term":[{"taxonomy":"category","embeddable":true,"href":"https:\/\/interessatb.com.br\/index.php?rest_route=%2Fwp%2Fv2%2Fcategories&post=3126"},{"taxonomy":"post_tag","embeddable":true,"href":"https:\/\/interessatb.com.br\/index.php?rest_route=%2Fwp%2Fv2%2Ftags&post=3126"}],"curies":[{"name":"wp","href":"https:\/\/api.w.org\/{rel}","templated":true}]}}