{"id":3133,"date":"2025-06-20T05:46:00","date_gmt":"2025-06-20T08:46:00","guid":{"rendered":"https:\/\/interessatb.com.br\/?p=3133"},"modified":"2025-07-26T06:13:09","modified_gmt":"2025-07-26T09:13:09","slug":"a-dependencia-quimica-e-um-limbo-sombrio-com-efeitos-devastadores","status":"publish","type":"post","link":"https:\/\/interessatb.com.br\/?p=3133","title":{"rendered":"A depend\u00eancia qu\u00edmica \u00e9 um limbo sombrio, com efeitos devastadores"},"content":{"rendered":"<div class=\"wp-block-image is-style-rounded\">\n<figure class=\"alignleft size-full is-resized\"><img loading=\"lazy\" decoding=\"async\" width=\"254\" height=\"278\" src=\"http:\/\/interessatb.com.br\/wp-content\/uploads\/2022\/03\/Jacir-J-Venturi-Mercury.jpg\" alt=\"\" class=\"wp-image-971\" style=\"object-fit:cover;width:150px;height:150px\"\/><\/figure>\n<\/div>\n\n\n<p>Jacir Venturi\u202f*<\/p>\n\n\n\n<p>Johann Wolfgang von Goethe, amplamente considerado o maior literato da l\u00edngua germ\u00e2nica, j\u00e1 em seu leito de morte, em 1832, pronunciou suas derradeiras palavras:\u202f&#8221;Lich, mehr licht!&#8221;\u202f\u2014 &#8220;Luz, mais luz!&#8221;. Uma frase instigante, n\u00e3o apenas sob o prisma hist\u00f3rico, mas como met\u00e1fora. Nenhum problema se resolve sem foco, sem clareza do que se est\u00e1 buscando enfrentar, sem que projetemos luz sobre ele.<\/p>\n\n\n\n<p>Um dos problemas que merecem foco atualmente \u00e9 a depend\u00eancia qu\u00edmica, condi\u00e7\u00e3o que se  caracteriza pelo consumo compulsivo, excessivo e cont\u00ednuo de subst\u00e2ncias psicoativas il\u00edcitas, bebidas alco\u00f3licas, tabaco e medicamentos, capazes de modificar comportamentos e rea\u00e7\u00f5es no usu\u00e1rio, trazendo consequ\u00eancias negativas para a sa\u00fade f\u00edsica, mental, social e financeira. Reconhecida como doen\u00e7a e classificada no Brasil com o CID F19, \u00e9 um limbo sombrio, oculto e silencioso, com efeitos devastadores, em diferentes grada\u00e7\u00f5es. O com\u00e9rcio ilegal e o tr\u00e1fico devem ser enfrentados como uma quest\u00e3o policial, mas a pessoa com depend\u00eancia deve ser tratada e entendida num espectro social e de sa\u00fade p\u00fablica, com intensa participa\u00e7\u00e3o\u202fda comunidade cient\u00edfica e civil, da m\u00eddia, das escolas e das fam\u00edlias.\u202f<\/p>\n\n\n\n<p><strong>Um tabu que precisa ser enfrentado<\/strong><\/p>\n\n\n\n<p>Ainda que seja um tabu a ser enfrentado, as estrat\u00e9gias e a\u00e7\u00f5es em rela\u00e7\u00e3o \u00e0 pessoa com depend\u00eancia devem ser conduzidas sem os preconceitos que muitas vezes causam vergonha, medo e barreiras na busca por tratamento. Como analogia, vale lembrar que, na d\u00e9cada de 1970, o termo c\u00e2ncer era maldito e impronunci\u00e1vel, e atualmente \u00e9 tema circula abertamente, facilitando a conscientiza\u00e7\u00e3o, a preven\u00e7\u00e3o e o diagn\u00f3stico precoce.\u202f<\/p>\n\n\n\n<p>Semelhantemente, nos anos 1980, a Aids\u202fera uma senten\u00e7a de morte e um estigma social\u202fque pairava sobre as pessoas acometidas, ent\u00e3o segregadas como os leprosos do Evangelho (hoje, hansenianos) e envoltas em preconceito e ignor\u00e2ncia. No entanto, com empenho de governos, da sociedade civil organizada e com a evolu\u00e7\u00e3o da ci\u00eancia, o HIV saiu do arm\u00e1rio escuro, e a doen\u00e7a tornou-se uma condi\u00e7\u00e3o cr\u00f4nica gerenci\u00e1vel.\u202f<\/p>\n\n\n\n<p>Ademais, tamb\u00e9m como esfor\u00e7o de conscientiza\u00e7\u00e3o, preven\u00e7\u00e3o e informa\u00e7\u00e3o, nos anos 1990 iniciou-se, no Brasil e em parte do mundo, a desconstru\u00e7\u00e3o do consumo de cigarro, que at\u00e9 ent\u00e3o simbolizava<br>status e glamour. Durante o governo FHC, medidas antitabagistas ousadas e muito bem-sucedidas\u202fforam implementadas, incluindo a proibi\u00e7\u00e3o de propagandas\u202fe a demonstra\u00e7\u00e3o dos danos \u00e0 sa\u00fade, o que promoveu a redu\u00e7\u00e3o do n\u00famero de fumantes de 32% para, nos dias atuais, apenas 10%\u202fda popula\u00e7\u00e3o adulta brasileira, um dos menores \u00edndices do mundo.\u202f<\/p>\n\n\n\n<p><strong>Por uma sociedade bem informada\u202f<\/strong><\/p>\n\n\n\n<p>Pesquisas indicam que cerca de 12%\u202fda popula\u00e7\u00e3o adulta brasileira t\u00eam algum tipo de depend\u00eancia qu\u00edmica, grupo no qual h\u00e1 uma incid\u00eancia maior de comportamentos de risco e viol\u00eancia.\u202f\u202f<\/p>\n\n\n\n<p>Em rela\u00e7\u00e3o ao usu\u00e1rio de drogas il\u00edcitas, \u00e9 inadequado trat\u00e1-lo como um delinquente grave, marginalizando-o, ou com leni\u00eancia. Ambas s\u00e3o atitudes extremadas, pois, de um lado, pris\u00f5es servem como escolas do crime; de outro, o usu\u00e1rio pode ser coautor dos delitos dos traficantes.\u202fNesse contexto, a reabilita\u00e7\u00e3o surge como alternativa sensata, promovendo a recupera\u00e7\u00e3o da dignidade do indiv\u00edduo, prevenindo reincid\u00eancias e contribuindo para a seguran\u00e7a p\u00fablica. Investir em tratamento e reinser\u00e7\u00e3o social \u00e9 romper o ciclo da criminalidade e devolver ao cidad\u00e3o a possibilidade real de reconstru\u00e7\u00e3o de sua trajet\u00f3ria. A abordagem terap\u00eautica equilibrada reconhece tanto a responsabilidade individual quanto a vulnerabilidade humana diante da depend\u00eancia.<\/p>\n\n\n\n<p>Viu-se recentemente, nas Filipinas, um exemplo emblem\u00e1tico de um desses antagonismos apontados acima, em que o ex-presidente Duterte foi preso por ordem da Corte Penal Internacional em virtude de sua pol\u00edtica de guerra \u00e0s drogas, conhecida pela toler\u00e2ncia zero tanto a traficantes quanto a usu\u00e1rios. J\u00e1 detido em Haia, na Holanda, onde aguarda julgamento, foi recentemente eleito prefeito da metr\u00f3pole de Davao, prova da popularidade da mesma pol\u00edtica que o levou aos problemas com a justi\u00e7a.\u202f<\/p>\n\n\n\n<p>No outro extremo, h\u00e1 quem ainda minimize os efeitos da maconha e defenda a legaliza\u00e7\u00e3o. No entanto, \u00e9 preciso levar em conta que os traficantes intensificam sua pot\u00eancia, elevando a concentra\u00e7\u00e3o de THC (tetrahidrocanabinol, o principal componente psicoativo da planta) de 4% nos, anos 1980, para at\u00e9 30% atualmente. Como consequ\u00eancia, os efeitos psicol\u00f3gicos, f\u00edsicos e cognitivos s\u00e3o bem mais danosos, mesmo para usu\u00e1rios casuais ou de fim de semana.\u202f<\/p>\n\n\n\n<p>Ademais, s\u00e3o v\u00e1rios\u202fos estudos sobre os\u202fefeitos delet\u00e9rios da maconha, inclusive publicados\u202fem revistas conceituadas de psiquiatria e medicina (como a The Lancet brit\u00e2nica, fundada\u202fem 1823). E h\u00e1 diversos\u202fexperimentos que comparam grupos de jovens usu\u00e1rios\u202fa grupos de\u202fn\u00e3o usu\u00e1rios da cannabis a longo prazo e\u202fmostram que usu\u00e1rios\u202ft\u00eam at\u00e9 50% mais chances\u202fde desenvolver psicoses, depress\u00e3o e idea\u00e7\u00e3o suicida.\u202f<\/p>\n\n\n\n<p>E n\u00e3o h\u00e1 como ignorar que a cannabis\u202fpode ser porta de entrada para opioides mais perigosos, como crack, coca\u00edna, hero\u00edna, fentanil, ecstasy e LSD. Nos EUA, a overdose j\u00e1 \u00e9 uma das principais causa mortis entre pessoas de 18 a 45 anos. O consumo de fentanil (opioide sint\u00e9tico 70 vezes mais potente que a morfina), por exemplo, avan\u00e7a a cada ano.\u202f<\/p>\n\n\n\n<p><strong>Um esfor\u00e7o coletivo<\/strong><\/p>\n\n\n\n<p>Percorreu-se um espinhoso caminho na busca da redu\u00e7\u00e3o dos danos causados pelo consumo de bebidas alco\u00f3licas, tabaco e drogas il\u00edcitas. Embora eivados de preconceitos e tabus, \u00e9 indispens\u00e1vel o\u202fcombate com estrat\u00e9gia e vigor aos tent\u00e1culos crescentes das redes de narcotr\u00e1fico, que j\u00e1 \u00e9 o maior empregador em muitos munic\u00edpios do Amazonas. Um \u00f3rg\u00e3o da ONU\u202festima que, em 2020, foram produzidas duas mil toneladas de coca\u00edna\u202fnos pa\u00edses andinos, com rotas que passam pelas fac\u00e7\u00f5es criminosas brasileiras\u202frumo \u00e0 Europa, \u00c1frica e \u00c1sia. Ou seja, carga para 66 carretas. Ao mesmo tempo, e t\u00e3o importante quanto, as pol\u00edticas de conscientiza\u00e7\u00e3o, preven\u00e7\u00e3o e tratamento da depend\u00eancia qu\u00edmica precisam de investimento, esfor\u00e7o e persist\u00eancia.\u202f<\/p>\n\n\n\n<p>Os desafios s\u00e3o enormes e n\u00e3o cabe apenas ao governo\u202fenfrent\u00e1-los. \u00c9 imprescind\u00edvel\u202fque toda a sociedade \u2014 fam\u00edlias, escolas, m\u00eddia e ci\u00eancia\u202f\u2014 se mobilize para dar mais luz\u202fao problema.\u202f<\/p>\n\n\n\n<p>Haja luz!\u202fFiat lux!\u202fFrase do G\u00eanesis, quando o Criador separa a luz das trevas. \u00c9 uma das express\u00f5es mais ic\u00f4nicas da B\u00edblia, simbolizando clareza, conhecimento e ordem\u202femergindo do caos.\u202f<\/p>\n\n\n\n<p><em>(*) Jacir J. Venturi,\u202ffoi professor da Educa\u00e7\u00e3o B\u00e1sica, das Universidades UFPR, PUCPR, UP, diretor de escola, pai de tr\u00eas filhos e av\u00f4 de quatro netos.<\/em><\/p>\n","protected":false},"excerpt":{"rendered":"<div class=\"mh-excerpt\"><p>Jacir Venturi\u202f* Johann Wolfgang von Goethe, amplamente considerado o maior literato da l\u00edngua germ\u00e2nica, j\u00e1 em seu leito de morte, em 1832, pronunciou suas derradeiras <a class=\"mh-excerpt-more\" href=\"https:\/\/interessatb.com.br\/?p=3133\" title=\"A depend\u00eancia qu\u00edmica \u00e9 um limbo sombrio, com efeitos devastadores\">[&#8230;]<\/a><\/p>\n<\/div>","protected":false},"author":1,"featured_media":3134,"comment_status":"closed","ping_status":"closed","sticky":false,"template":"","format":"standard","meta":{"footnotes":""},"categories":[3,9,15],"tags":[],"class_list":["post-3133","post","type-post","status-publish","format-standard","has-post-thumbnail","hentry","category-colunistas","category-colunista-jacir-venturi","category-saude"],"_links":{"self":[{"href":"https:\/\/interessatb.com.br\/index.php?rest_route=\/wp\/v2\/posts\/3133","targetHints":{"allow":["GET"]}}],"collection":[{"href":"https:\/\/interessatb.com.br\/index.php?rest_route=\/wp\/v2\/posts"}],"about":[{"href":"https:\/\/interessatb.com.br\/index.php?rest_route=\/wp\/v2\/types\/post"}],"author":[{"embeddable":true,"href":"https:\/\/interessatb.com.br\/index.php?rest_route=\/wp\/v2\/users\/1"}],"replies":[{"embeddable":true,"href":"https:\/\/interessatb.com.br\/index.php?rest_route=%2Fwp%2Fv2%2Fcomments&post=3133"}],"version-history":[{"count":1,"href":"https:\/\/interessatb.com.br\/index.php?rest_route=\/wp\/v2\/posts\/3133\/revisions"}],"predecessor-version":[{"id":3135,"href":"https:\/\/interessatb.com.br\/index.php?rest_route=\/wp\/v2\/posts\/3133\/revisions\/3135"}],"wp:featuredmedia":[{"embeddable":true,"href":"https:\/\/interessatb.com.br\/index.php?rest_route=\/wp\/v2\/media\/3134"}],"wp:attachment":[{"href":"https:\/\/interessatb.com.br\/index.php?rest_route=%2Fwp%2Fv2%2Fmedia&parent=3133"}],"wp:term":[{"taxonomy":"category","embeddable":true,"href":"https:\/\/interessatb.com.br\/index.php?rest_route=%2Fwp%2Fv2%2Fcategories&post=3133"},{"taxonomy":"post_tag","embeddable":true,"href":"https:\/\/interessatb.com.br\/index.php?rest_route=%2Fwp%2Fv2%2Ftags&post=3133"}],"curies":[{"name":"wp","href":"https:\/\/api.w.org\/{rel}","templated":true}]}}