{"id":3155,"date":"2025-08-08T10:13:48","date_gmt":"2025-08-08T13:13:48","guid":{"rendered":"https:\/\/interessatb.com.br\/?p=3155"},"modified":"2025-09-04T10:19:01","modified_gmt":"2025-09-04T13:19:01","slug":"telemaco-borba-ganha-nova-praca-e-celebra-legado-de-silvestre-solak","status":"publish","type":"post","link":"https:\/\/interessatb.com.br\/?p=3155","title":{"rendered":"Tel\u00eamaco Borba ganha nova pra\u00e7a e celebra legado de Silvestre Solak"},"content":{"rendered":"\n<p>A Prefeitura de Tel\u00eamaco Borba entregou, na tarde de quinta-feira (07), mais um espa\u00e7o de lazer \u00e0 comunidade, a nova pra\u00e7a localizada na Avenida Tupiniquins, no bairro Nossa Senhora do Perp\u00e9tuo Socorro, mais conhecido como BNH, pra\u00e7a que agora leva o nome do saudoso Silvestre Solak.<\/p>\n\n\n\n<p>Dona Hilda Solak, vi\u00fava do homenageado, agradeceu \u00e0 administra\u00e7\u00e3o municipal e a Deus pelo reconhecimento ao legado do marido. A filha Sueli, representou os familiares e no seu discurso valorizou todo trabalho feito pelo pai a longo de sua hist\u00f3ria em Tel\u00eamaco Borba. A professora Maria Piedade Solak dirigiu uma ora\u00e7\u00e3o de gratid\u00e3o a Deus pelo momento que marca um espa\u00e7o que ser\u00e1 usufru\u00eddo pela popula\u00e7\u00e3o.<\/p>\n\n\n\n<p>A cerim\u00f4nia foi presidida pela prefeita Rita Mara de Paula Ara\u00fajo, que parabenizou os familiares do ilustre cidad\u00e3o Silvestre Solak, destacando que foi um dos os pioneiros deste bairro, &#8220;dando honra e cr\u00e9dito a quem tanto fez pelo bairro e por toda a cidade&#8221;, nas suas palavras.<\/p>\n\n\n\n<p><strong>Biografia de Silvestre Solak<\/strong><\/p>\n\n\n<div class=\"wp-block-image\">\n<figure class=\"alignleft size-full\"><img loading=\"lazy\" decoding=\"async\" width=\"254\" height=\"317\" src=\"https:\/\/interessatb.com.br\/wp-content\/uploads\/2025\/08\/Silvestre-Solak-foto.jpg\" alt=\"\" class=\"wp-image-3156\" srcset=\"https:\/\/interessatb.com.br\/wp-content\/uploads\/2025\/08\/Silvestre-Solak-foto.jpg 254w, https:\/\/interessatb.com.br\/wp-content\/uploads\/2025\/08\/Silvestre-Solak-foto-240x300.jpg 240w\" sizes=\"auto, (max-width: 254px) 100vw, 254px\" \/><\/figure>\n<\/div>\n\n\n<p>Nascido em Pirai do Sul, em 22 de julho de 1938, estudou no semin\u00e1rio em Rio Negrinho (SC) onde teve uma s\u00f3lida forma\u00e7\u00e3o religiosa e cultural. Foi funcion\u00e1rio do departamento de terras do Estado atuando como agrimensor, e posteriormente atuou como professor na mesma cidade, onde casou-se com Hilda de Jesus Prestes Solak, com que teve oito filhos. Sendo eles: Sueli de F\u00e1tima Solak, Luiz Gonzaga Solak, Suzana Aparecida Solak, Geraldo Solak, Silvestre Solak Junior, Francisco de Assis Solak, Luciano Solak e Ant\u00f4nio Jer\u00f4nimo Solak. <\/p>\n\n\n\n<p>Mudou-se para Tel\u00eamaco Borba em 1962, quando foi contratado para trabalhar nas Ind\u00fastrias Klabin. J\u00e1 em 1967, engajado na luta pela defesa dos trabalhadores da ind\u00fastria, assumiu a presid\u00eancia do Sindicato do Papel, num per\u00edodo de convuls\u00e3o social e pol\u00edtica em decorr\u00eancia do golpe militar de 1964. Exerceu o cargo de presidente do sindicato at\u00e9 a ano de 1983. Na sua gest\u00e3o, o sindicato obteve um crescimento consider\u00e1vel com a constru\u00e7\u00e3o de uma nova sede, al\u00e9m de outras melhorias para os trabalhadores, como: implanta\u00e7\u00e3o do restaurante para oper\u00e1rios, presta\u00e7\u00e3o de servi\u00e7os m\u00e9dicos e odontol\u00f3gicos, al\u00e9m de cursos profissionalizantes para associados e dependentes. Foi durante sua gest\u00e3o que se iniciou a constru\u00e7\u00e3o da sede campestre do Sindicato do Papel localizado no bairro Jardim Alegre.<\/p>\n\n\n\n<p>Destacou-se ainda na luta pela melhoria das condi\u00e7\u00f5es de trabalho e de sal\u00e1rio dos trabalhadores da ind\u00fastria do papel da regi\u00e3o. Dentre muitas a\u00e7\u00f5es no campo social, uma das maiores realiza\u00e7\u00f5es suas foi a atua\u00e7\u00e3o no setor de habita\u00e7\u00e3o. Em 1967, foi fundador da Cooperativa Habitacional de Tel\u00eamaco Borba (COHATELBO), uma das primeiras criadas no Estado do Paran\u00e1. Atrav\u00e9s dessa iniciativa foram constru\u00eddas em Tel\u00eamaco Borba. O primeiro conjunto residencial constru\u00eddo sob sua gest\u00e3o na COHATELBO foi o Bairro Nossa Senhora do Perp\u00e9tuo Socorro (BNH) com 272 unidades, Bairro Jardim Alegre, num primeiro momento com 60 unidades, sendo ampliado mais tarde com mais 64 unidades. Foi respons\u00e1vel pela implanta\u00e7\u00e3o do Conjunto Tibagi com 240 apartamentos, al\u00e9m do Jardim Am\u00e9rica, Mutir\u00e3o, Aeroporto, S\u00e3o Francisco de Assis e S\u00e3o Silvestre, beneficiando cerca de 15 mil pessoas no total.<\/p>\n\n\n\n<p>Em Imba\u00fa foram constru\u00eddas tamb\u00e9m, pela COHATELBO, 112 moradias, quando ainda era distrito de Tel\u00eamaco Borba. Foi rotariano por muitos anos, inclusive presidiu o Rotary Club de Tel\u00eamaco Borba no per\u00edodo de 2009 a 2010. Na sua extensa trajet\u00f3ria profissional foi servidor p\u00fablico da Prefeitura de Tel\u00eamaco Borba atuando na \u00e1rea habitacional. <\/p>\n\n\n\n<p>Silvestre Solak faleceu no dia 04 de julho de 2020, sendo sepultado no Cemit\u00e9rio Jardim da Saudade, no bairro Jardim Bandeirantes. Seu legado \u00e9 de muito trabalho, dedica\u00e7\u00e3o e amor por Tel\u00eamaco Borba.<\/p>\n\n\n\n<p>Fonte: Adaptado de PMTB\/Assessoria.<\/p>\n","protected":false},"excerpt":{"rendered":"<div class=\"mh-excerpt\"><p>A Prefeitura de Tel\u00eamaco Borba entregou, na tarde de quinta-feira (07), mais um espa\u00e7o de lazer \u00e0 comunidade, a nova pra\u00e7a localizada na Avenida Tupiniquins, <a class=\"mh-excerpt-more\" href=\"https:\/\/interessatb.com.br\/?p=3155\" title=\"Tel\u00eamaco Borba ganha nova pra\u00e7a e celebra legado de Silvestre Solak\">[&#8230;]<\/a><\/p>\n<\/div>","protected":false},"author":1,"featured_media":3157,"comment_status":"closed","ping_status":"closed","sticky":false,"template":"","format":"standard","meta":{"footnotes":""},"categories":[2],"tags":[],"class_list":["post-3155","post","type-post","status-publish","format-standard","has-post-thumbnail","hentry","category-cidade"],"_links":{"self":[{"href":"https:\/\/interessatb.com.br\/index.php?rest_route=\/wp\/v2\/posts\/3155","targetHints":{"allow":["GET"]}}],"collection":[{"href":"https:\/\/interessatb.com.br\/index.php?rest_route=\/wp\/v2\/posts"}],"about":[{"href":"https:\/\/interessatb.com.br\/index.php?rest_route=\/wp\/v2\/types\/post"}],"author":[{"embeddable":true,"href":"https:\/\/interessatb.com.br\/index.php?rest_route=\/wp\/v2\/users\/1"}],"replies":[{"embeddable":true,"href":"https:\/\/interessatb.com.br\/index.php?rest_route=%2Fwp%2Fv2%2Fcomments&post=3155"}],"version-history":[{"count":1,"href":"https:\/\/interessatb.com.br\/index.php?rest_route=\/wp\/v2\/posts\/3155\/revisions"}],"predecessor-version":[{"id":3158,"href":"https:\/\/interessatb.com.br\/index.php?rest_route=\/wp\/v2\/posts\/3155\/revisions\/3158"}],"wp:featuredmedia":[{"embeddable":true,"href":"https:\/\/interessatb.com.br\/index.php?rest_route=\/wp\/v2\/media\/3157"}],"wp:attachment":[{"href":"https:\/\/interessatb.com.br\/index.php?rest_route=%2Fwp%2Fv2%2Fmedia&parent=3155"}],"wp:term":[{"taxonomy":"category","embeddable":true,"href":"https:\/\/interessatb.com.br\/index.php?rest_route=%2Fwp%2Fv2%2Fcategories&post=3155"},{"taxonomy":"post_tag","embeddable":true,"href":"https:\/\/interessatb.com.br\/index.php?rest_route=%2Fwp%2Fv2%2Ftags&post=3155"}],"curies":[{"name":"wp","href":"https:\/\/api.w.org\/{rel}","templated":true}]}}