{"id":3164,"date":"2025-09-04T09:52:09","date_gmt":"2025-09-04T12:52:09","guid":{"rendered":"https:\/\/interessatb.com.br\/?p=3164"},"modified":"2025-09-04T09:52:09","modified_gmt":"2025-09-04T12:52:09","slug":"ha-aqueles-que-fazem-da-estrela-um-sol-outros-nem-conseguem-ve-la","status":"publish","type":"post","link":"https:\/\/interessatb.com.br\/?p=3164","title":{"rendered":"H\u00e1 aqueles que fazem da estrela um sol. Outros nem conseguem v\u00ea-la"},"content":{"rendered":"<div class=\"wp-block-image is-style-rounded\">\n<figure class=\"alignleft size-full is-resized\"><img loading=\"lazy\" decoding=\"async\" width=\"254\" height=\"278\" src=\"http:\/\/interessatb.com.br\/wp-content\/uploads\/2022\/03\/Jacir-J-Venturi-Mercury.jpg\" alt=\"\" class=\"wp-image-971\" style=\"width:150px\"\/><\/figure>\n<\/div>\n\n\n<p>Jacir Venturi*<\/p>\n\n\n\n<p>H\u00e1 uma f\u00e1bula da saga intelectual do povo grego que enseja preciosas li\u00e7\u00f5es. Os deuses do Olimpo estariam temerosos com a evolu\u00e7\u00e3o dos homens pelo uso da intelig\u00eancia, tendo percebido que, em pouco tempo, poderiam se igualar aos pr\u00f3prios imortais. Ent\u00e3o, o tonitruante e todo-poderoso Zeus, divindade suprema, vociferou: \u201cVamos nos insurgir! Escondamos do homem o seu talento e ele jamais nos alcan\u00e7ar\u00e1!\u201d<\/p>\n\n\n\n<p>Mas onde esconder o talento do homem? Poseidon, deus dos mares, sugeriu mergulhar nas profundezas dos oceanos; Apolo, deus da luz e das artes, indicou levar ao cume do Himalaia; Ares, deus da guerra, prop\u00f4s lan\u00e7ar nos desfiladeiros das Term\u00f3pilas; Dem\u00e9ter, deusa da agricultura e da fertilidade, recomendou enterrar nas areias movedi\u00e7as do Saara; Hefesto, deus do fogo, aconselhou jogar nos magmas vulc\u00e2nicos do Ves\u00favio.<\/p>\n\n\n\n<p>Imp\u00e1vido e altaneiro, o poderoso Zeus se levantou-se do trono e deu o veredito: \u201cNada disso! O melhor esconderijo para o talento do homem \u00e9 no interior dele mesmo, onde ele n\u00e3o h\u00e1 de procurar.\u201d<\/p>\n\n\n\n<p>Essa f\u00e1bula enaltece o quanto jazem latentes e escondidos, em tantos de n\u00f3s, as potencialidades, os dons, as virtudes, os valores, o autoconhecimento. Quanta riqueza desconhecida h\u00e1 em cada um de n\u00f3s!<\/p>\n\n\n\n<p>Howard Gardner, professor e psic\u00f3logo da Universidade de Harvard, publicou, em 1987, a teoria das nove intelig\u00eancias m\u00faltiplas: l\u00f3gico-matem\u00e1tica, lingu\u00edstico-verbal, musical, espacial, corp\u00f3reo-cinest\u00e9sica, interpessoal, intrapessoal, naturalista e existencial.<\/p>\n\n\n\n<p>Na teoria, Gardner baseou-se em duas premissas complementares: a primeira, que cada tipo de intelig\u00eancia nos \u00e9 concedida como heran\u00e7a biol\u00f3gica; e a segunda, que as habilidades do ser humano s\u00e3o \u201ccomo um cristal multifacetado e, tal qual, pode e deve ser polido\u201d.<\/p>\n\n\n\n<p>Para neurocientistas e psic\u00f3logos, o peso atribu\u00eddo \u00e0 gen\u00e9tica na forma\u00e7\u00e3o de uma pessoa talentosa \u00e9 estimado entre 30% e 50%. No entanto, \u00e9 tamb\u00e9m consenso que nossas potencialidades ser\u00e3o desenvolvidas com elevados est\u00edmulos, determina\u00e7\u00e3o, muita transpira\u00e7\u00e3o e disciplina pessoal, pois, no caminho que leva aos p\u00edncaros de algum reconhecimento, poucos s\u00e3o os bancos com sombra. Al\u00e9m disso, t\u00e3o importante quanto ter consci\u00eancia de nossos talentos \u00e9 conhecer nossas limita\u00e7\u00f5es e fragilidades, pois nem todos os caminhos s\u00e3o para todos os caminheiros.<\/p>\n\n\n\n<p>Em muitas fases da vida, a travessia \u00e9 penosa, plena de incertezas como se estiv\u00e9ssemos navegando em noite escura sem carta n\u00e1utica. Mas com enlevo e espiritualidade, sejamos flex\u00edveis, resilientes, solid\u00e1rios, porque sempre h\u00e1 uma lua que resplandece no c\u00e9u, s\u00edmbolo da esperan\u00e7a e da f\u00e9 em um novo amanh\u00e3 com as luzes de um sol radiante.<\/p>\n\n\n\n<p>\u201cA gente \u00e9 para brilhar. Brilhar com brilho eterno\u201d, declama o grande poeta sovi\u00e9tico Vladimir Maiak\u00f3vski (1893-1930). Ele pr\u00f3prio era um g\u00eanio do talento lingu\u00edstico, mas inconsistente nos relacionamentos humanos, na intelig\u00eancia interpessoal, por ser intempestivo, vaidoso, c\u00e1ustico, alco\u00f3latra. Dizia: \u201cprefiro morrer de vodca a morrer de t\u00e9dio\u201d. Ap\u00f3s concluir o famoso poema A plenos pulm\u00f5es, com um tiro no peito tirou a pr\u00f3pria vida. O poema, publicado postumamente, \u00e9 um manifesto de despedida e desilus\u00e3o. Por ser cr\u00edtico do regime stalinista, h\u00e1 a vers\u00e3o de que o suic\u00eddio de Maiak\u00f3vski teria sido forjado.<\/p>\n\n\n\n<p>Aqui entre n\u00f3s, temos como exemplo a poeta paranaense Helena Kolody (1912-2003), intensamente expressiva por seus talentos lingu\u00edsticos, inter e intrapessoais. Era af\u00e1vel, carism\u00e1tica e, como professora, uma grande didata. A obra da saudosa poeta nos serviu de inspira\u00e7\u00e3o para o t\u00edtulo deste artigo: \u201cDeus d\u00e1 a todos uma estrela. Uns fazem da estrela um sol. Outros nem conseguem v\u00ea-la\u201d.<\/p>\n\n\n\n<p><em>(*) Jacir J. Venturi foi professor e diretor da Educa\u00e7\u00e3o B\u00e1sica e Superior. \u00c9 Cidad\u00e3o Honor\u00e1rio de Curitiba. Autor de 4 livros.<\/em><\/p>\n","protected":false},"excerpt":{"rendered":"<div class=\"mh-excerpt\"><p>Jacir Venturi* H\u00e1 uma f\u00e1bula da saga intelectual do povo grego que enseja preciosas li\u00e7\u00f5es. Os deuses do Olimpo estariam temerosos com a evolu\u00e7\u00e3o dos <a class=\"mh-excerpt-more\" href=\"https:\/\/interessatb.com.br\/?p=3164\" title=\"H\u00e1 aqueles que fazem da estrela um sol. Outros nem conseguem v\u00ea-la\">[&#8230;]<\/a><\/p>\n<\/div>","protected":false},"author":1,"featured_media":3165,"comment_status":"closed","ping_status":"closed","sticky":false,"template":"","format":"standard","meta":{"footnotes":""},"categories":[3,9],"tags":[],"class_list":["post-3164","post","type-post","status-publish","format-standard","has-post-thumbnail","hentry","category-colunistas","category-colunista-jacir-venturi"],"_links":{"self":[{"href":"https:\/\/interessatb.com.br\/index.php?rest_route=\/wp\/v2\/posts\/3164","targetHints":{"allow":["GET"]}}],"collection":[{"href":"https:\/\/interessatb.com.br\/index.php?rest_route=\/wp\/v2\/posts"}],"about":[{"href":"https:\/\/interessatb.com.br\/index.php?rest_route=\/wp\/v2\/types\/post"}],"author":[{"embeddable":true,"href":"https:\/\/interessatb.com.br\/index.php?rest_route=\/wp\/v2\/users\/1"}],"replies":[{"embeddable":true,"href":"https:\/\/interessatb.com.br\/index.php?rest_route=%2Fwp%2Fv2%2Fcomments&post=3164"}],"version-history":[{"count":2,"href":"https:\/\/interessatb.com.br\/index.php?rest_route=\/wp\/v2\/posts\/3164\/revisions"}],"predecessor-version":[{"id":3167,"href":"https:\/\/interessatb.com.br\/index.php?rest_route=\/wp\/v2\/posts\/3164\/revisions\/3167"}],"wp:featuredmedia":[{"embeddable":true,"href":"https:\/\/interessatb.com.br\/index.php?rest_route=\/wp\/v2\/media\/3165"}],"wp:attachment":[{"href":"https:\/\/interessatb.com.br\/index.php?rest_route=%2Fwp%2Fv2%2Fmedia&parent=3164"}],"wp:term":[{"taxonomy":"category","embeddable":true,"href":"https:\/\/interessatb.com.br\/index.php?rest_route=%2Fwp%2Fv2%2Fcategories&post=3164"},{"taxonomy":"post_tag","embeddable":true,"href":"https:\/\/interessatb.com.br\/index.php?rest_route=%2Fwp%2Fv2%2Ftags&post=3164"}],"curies":[{"name":"wp","href":"https:\/\/api.w.org\/{rel}","templated":true}]}}