{"id":317,"date":"2021-08-29T10:59:45","date_gmt":"2021-08-29T13:59:45","guid":{"rendered":"https:\/\/interessatb.com.br\/?p=317"},"modified":"2022-08-21T10:47:05","modified_gmt":"2022-08-21T13:47:05","slug":"vacinacao-contra-covid-19-chega-ao-grupo-de-22-anos-em-telemaco-borba-neste-domingo","status":"publish","type":"post","link":"https:\/\/interessatb.com.br\/?p=317","title":{"rendered":"Vacina\u00e7\u00e3o contra Covid-19 chega ao grupo de 22 anos em Tel\u00eamaco Borba, neste domingo"},"content":{"rendered":"\n<p>A Prefeitura Municipal de Tel\u00eamaco Borba, atrav\u00e9s da Secretaria Municipal de Sa\u00fade, comunica em nota que estar\u00e1 vacinando pessoas com 22 anos de idade ou mais neste domingo, 29. A vacina\u00e7\u00e3o acontecer\u00e1 no Centro de Especialidades, das 12 horas at\u00e9 as 16 horas, enquanto houver doses de vacina dispon\u00edveis. Na parte da manh\u00e3 ser\u00e3o atendidas as pessoas com 23 anos ou mais.<\/p>\n\n\n\n<p>A vacina n\u00e3o \u00e9 indicada para pessoas que apresentaram os sintomas de Covid-19 h\u00e1 menos de 30 dias. N\u00e3o devem apresentar sintomas febris ou de gripe nas recentes e respeitar o intervalo de duas semanas caso tenham tomado doses de outras vacinas.<\/p>\n\n\n<div class=\"wp-block-image\">\n<figure class=\"alignleft size-full\"><img loading=\"lazy\" decoding=\"async\" width=\"300\" height=\"250\" src=\"http:\/\/interessatb.com.br\/wp-content\/uploads\/2022\/03\/baixa_resolucao_castelo.png\" alt=\"\" class=\"wp-image-987\"\/><\/figure>\n<\/div>\n\n\n<p><strong>Ver tamb\u00e9m<\/strong><\/p>\n\n\n\n<p><a href=\"https:\/\/interessatb.com.br\/2021\/08\/08\/telemaco-borba-apresenta-pela-primeira-vez-mais-recuperados-da-covid-19-que-o-numero-de-casos-registrados-este-ano\/\">Tel\u00eamaco Borba apresenta pela primeira vez mais recuperados da COVID-19 que o n\u00famero de casos registrados este ano<\/a><\/p>\n\n\n\n<p><a href=\"https:\/\/interessatb.com.br\/2021\/07\/28\/ortigueira-apresenta-o-menor-numero-de-casos-registrados-de-covid-19-desde-janeiro-deste-ano\/\">Ortigueira apresenta o menor n\u00famero de casos registrados de Covid-19 desde janeiro deste ano<\/a><\/p>\n\n\n\n<p>Para ter direito \u00e0 dose da vacina \u00e9 preciso apresentar um documento pessoal com foto e cart\u00e3o de vacina\u00e7\u00e3o. Caso o cart\u00e3o tenha sido extraviado, procurar orienta\u00e7\u00f5es no local da vacina\u00e7\u00e3o.<\/p>\n\n\n\n<p>At\u00e9 o dia 27 de agosto foram registrados em Tel\u00eamaco Borba 16.615 casos de Covid-19, resultando em 383 \u00f3bitos. 80,7% da popula\u00e7\u00e3o do munic\u00edpio foi vacinada com uma dose e 34,1% j\u00e1 tem seu esquema de vacina\u00e7\u00e3o finalizado. O munic\u00edpio vizinho de Ortigueira anunciou vacina\u00e7\u00e3o a partir do 18 anos de idade para sua popula\u00e7\u00e3o desde o dia 27.<\/p>\n","protected":false},"excerpt":{"rendered":"<div class=\"mh-excerpt\"><p>A Prefeitura Municipal de Tel\u00eamaco Borba, atrav\u00e9s da Secretaria Municipal de Sa\u00fade, comunica em nota que estar\u00e1 vacinando pessoas com 22 anos de idade ou <a class=\"mh-excerpt-more\" href=\"https:\/\/interessatb.com.br\/?p=317\" title=\"Vacina\u00e7\u00e3o contra Covid-19 chega ao grupo de 22 anos em Tel\u00eamaco Borba, neste domingo\">[&#8230;]<\/a><\/p>\n<\/div>","protected":false},"author":1,"featured_media":1232,"comment_status":"closed","ping_status":"closed","sticky":false,"template":"","format":"standard","meta":{"footnotes":""},"categories":[2,15],"tags":[],"class_list":["post-317","post","type-post","status-publish","format-standard","has-post-thumbnail","hentry","category-cidade","category-saude"],"_links":{"self":[{"href":"https:\/\/interessatb.com.br\/index.php?rest_route=\/wp\/v2\/posts\/317","targetHints":{"allow":["GET"]}}],"collection":[{"href":"https:\/\/interessatb.com.br\/index.php?rest_route=\/wp\/v2\/posts"}],"about":[{"href":"https:\/\/interessatb.com.br\/index.php?rest_route=\/wp\/v2\/types\/post"}],"author":[{"embeddable":true,"href":"https:\/\/interessatb.com.br\/index.php?rest_route=\/wp\/v2\/users\/1"}],"replies":[{"embeddable":true,"href":"https:\/\/interessatb.com.br\/index.php?rest_route=%2Fwp%2Fv2%2Fcomments&post=317"}],"version-history":[{"count":1,"href":"https:\/\/interessatb.com.br\/index.php?rest_route=\/wp\/v2\/posts\/317\/revisions"}],"predecessor-version":[{"id":1233,"href":"https:\/\/interessatb.com.br\/index.php?rest_route=\/wp\/v2\/posts\/317\/revisions\/1233"}],"wp:featuredmedia":[{"embeddable":true,"href":"https:\/\/interessatb.com.br\/index.php?rest_route=\/wp\/v2\/media\/1232"}],"wp:attachment":[{"href":"https:\/\/interessatb.com.br\/index.php?rest_route=%2Fwp%2Fv2%2Fmedia&parent=317"}],"wp:term":[{"taxonomy":"category","embeddable":true,"href":"https:\/\/interessatb.com.br\/index.php?rest_route=%2Fwp%2Fv2%2Fcategories&post=317"},{"taxonomy":"post_tag","embeddable":true,"href":"https:\/\/interessatb.com.br\/index.php?rest_route=%2Fwp%2Fv2%2Ftags&post=317"}],"curies":[{"name":"wp","href":"https:\/\/api.w.org\/{rel}","templated":true}]}}