{"id":3171,"date":"2025-09-01T10:08:46","date_gmt":"2025-09-01T13:08:46","guid":{"rendered":"https:\/\/interessatb.com.br\/?p=3171"},"modified":"2025-11-27T15:12:13","modified_gmt":"2025-11-27T18:12:13","slug":"3o-encontro-de-carros-antigos-atrai-colecionadores-e-movimento-o-comercio-de-telemaco-borba","status":"publish","type":"post","link":"https:\/\/interessatb.com.br\/?p=3171","title":{"rendered":"3\u00ba Encontro de Carros Antigos atrai colecionadores e movimento o com\u00e9rcio de Tel\u00eamaco Borba"},"content":{"rendered":"\n<p>A Pra\u00e7a da Fam\u00edlia foi palco de um espet\u00e1culo de nostalgia nos dias 23 e 24 de agosto, com a realiza\u00e7\u00e3o do 3\u00ba Encontro de Carros Antigos &#8211; Classic Cars TB. Promovido pelo clube Antigos TB, com o apoio da Prefeitura de Tel\u00eamaco Borba, por meio da Secretaria Municipal de Cultura e Turismo (SMCT), o evento atraiu centenas de visitantes, apaixonados por autom\u00f3veis que marcaram \u00e9poca.<\/p>\n\n\n\n<p>Com o tema \u201cDe volta para o passado\u201d,&nbsp;233 expositores participaram, trazendo modelos raros que resgataram mem\u00f3rias e encantaram diferentes gera\u00e7\u00f5es. A exposi\u00e7\u00e3o n\u00e3o apenas celebrou o charme dos ve\u00edculos cl\u00e1ssicos, mas tamb\u00e9m cumpriu um importante papel social.<\/p>\n\n\n\n<p>Durante o evento, foram arrecadados aproximadamente 250 quilos de alimentos, doados pelos expositores e destinados ao Asilo S\u00e3o Vicente de Paulo, refor\u00e7ando o car\u00e1ter solid\u00e1rio da iniciativa.<\/p>\n\n\n\n<p>Segundo um dos coordenadores do evento, Willian Onesko &#8220;tenho recebido diversas manifesta\u00e7\u00f5es favor\u00e1veis de comerciantes locais, devido ao aumento no com\u00e9rcio local resultante do movimento do evento&#8221;.<\/p>\n\n\n\n<p>Al\u00e9m dos trof\u00e9us entregues aos expositores, o encontro promoveu a integra\u00e7\u00e3o entre fam\u00edlias, colecionadores e amigos, impulsionando o turismo e valorizando a cultura local.<\/p>\n\n\n\n<p>Fonte: Adaptado de PMTB; Reda\u00e7\u00e3o ITB<\/p>\n","protected":false},"excerpt":{"rendered":"<div class=\"mh-excerpt\"><p>A Pra\u00e7a da Fam\u00edlia foi palco de um espet\u00e1culo de nostalgia nos dias 23 e 24 de agosto, com a realiza\u00e7\u00e3o do 3\u00ba Encontro de <a class=\"mh-excerpt-more\" href=\"https:\/\/interessatb.com.br\/?p=3171\" title=\"3\u00ba Encontro de Carros Antigos atrai colecionadores e movimento o com\u00e9rcio de Tel\u00eamaco Borba\">[&#8230;]<\/a><\/p>\n<\/div>","protected":false},"author":1,"featured_media":3172,"comment_status":"closed","ping_status":"closed","sticky":false,"template":"","format":"standard","meta":{"footnotes":""},"categories":[14],"tags":[],"class_list":["post-3171","post","type-post","status-publish","format-standard","has-post-thumbnail","hentry","category-regiao"],"_links":{"self":[{"href":"https:\/\/interessatb.com.br\/index.php?rest_route=\/wp\/v2\/posts\/3171","targetHints":{"allow":["GET"]}}],"collection":[{"href":"https:\/\/interessatb.com.br\/index.php?rest_route=\/wp\/v2\/posts"}],"about":[{"href":"https:\/\/interessatb.com.br\/index.php?rest_route=\/wp\/v2\/types\/post"}],"author":[{"embeddable":true,"href":"https:\/\/interessatb.com.br\/index.php?rest_route=\/wp\/v2\/users\/1"}],"replies":[{"embeddable":true,"href":"https:\/\/interessatb.com.br\/index.php?rest_route=%2Fwp%2Fv2%2Fcomments&post=3171"}],"version-history":[{"count":1,"href":"https:\/\/interessatb.com.br\/index.php?rest_route=\/wp\/v2\/posts\/3171\/revisions"}],"predecessor-version":[{"id":3173,"href":"https:\/\/interessatb.com.br\/index.php?rest_route=\/wp\/v2\/posts\/3171\/revisions\/3173"}],"wp:featuredmedia":[{"embeddable":true,"href":"https:\/\/interessatb.com.br\/index.php?rest_route=\/wp\/v2\/media\/3172"}],"wp:attachment":[{"href":"https:\/\/interessatb.com.br\/index.php?rest_route=%2Fwp%2Fv2%2Fmedia&parent=3171"}],"wp:term":[{"taxonomy":"category","embeddable":true,"href":"https:\/\/interessatb.com.br\/index.php?rest_route=%2Fwp%2Fv2%2Fcategories&post=3171"},{"taxonomy":"post_tag","embeddable":true,"href":"https:\/\/interessatb.com.br\/index.php?rest_route=%2Fwp%2Fv2%2Ftags&post=3171"}],"curies":[{"name":"wp","href":"https:\/\/api.w.org\/{rel}","templated":true}]}}