{"id":3197,"date":"2025-11-27T15:25:23","date_gmt":"2025-11-27T18:25:23","guid":{"rendered":"https:\/\/interessatb.com.br\/?p=3197"},"modified":"2025-11-27T15:25:23","modified_gmt":"2025-11-27T18:25:23","slug":"governo-do-parana-destina-r-55-milhoes-para-investimento-em-inovacao-dos-municipios","status":"publish","type":"post","link":"https:\/\/interessatb.com.br\/?p=3197","title":{"rendered":"Governo do Paran\u00e1 destina R$ 55 milh\u00f5es para investimento em inova\u00e7\u00e3o dos munic\u00edpios"},"content":{"rendered":"\n<p>O an\u00fancio foi feito nesta quarta-feira (26), no Pal\u00e1cio Igua\u00e7u, pelo governador Carlos Massa Ratinho Junior e o secret\u00e1rio da Inova\u00e7\u00e3o e Intelig\u00eancia Artificial (SEIA), Alex Canziani. Todos os 399 munic\u00edpios podem participar do programa, desde que cumpram alguns crit\u00e9rios.<\/p>\n\n\n\n<p>O novo modelo de repasses fundo a fundo do programa permite a transfer\u00eancia direta de recursos do Estado para os munic\u00edpios sem necessidade de conv\u00eanios, tornando o processo mais \u00e1gil e acess\u00edvel. Com objetivo principal em apoiar a\u00e7\u00f5es locais de ci\u00eancia, tecnologia e inova\u00e7\u00e3o, o modelo fortalece o ecossistema inovador de cada cidade.<\/p>\n\n\n\n<p>O fundo a fundo integra a estrat\u00e9gia do Paran\u00e1 de construir uma governan\u00e7a estadual de inova\u00e7\u00e3o. A iniciativa regulamenta a aplica\u00e7\u00e3o da Lei n\u00ba 22.107\/2024, que assegura a destina\u00e7\u00e3o de parte dos recursos do Fundo Paran\u00e1 para apoiar projetos de moderniza\u00e7\u00e3o, ci\u00eancia, tecnologia e inova\u00e7\u00e3o nos munic\u00edpios.<\/p>\n\n\n\n<p>&#8220;O Paran\u00e1 j\u00e1 foi eleito o estado mais inovador do Brasil e agora temos essa novidade com investimento direto. \u00c9 uma \u00e1rea fundamental para auxiliar os munic\u00edpios a se modernizarem&#8221;, disse Ratinho Junior.<\/p>\n\n\n\n<p>\u201cNosso Fundo Paran\u00e1 pode transferir recursos para os munic\u00edpios para apoiar projetos de moderniza\u00e7\u00e3o. Ent\u00e3o, as cidades podem demandar esses valores para a compra de computadores, telas interativas, carros el\u00e9tricos, para transformar a cidade em um ambiente de inova\u00e7\u00e3o\u201d, explicou Canziani.<\/p>\n\n\n\n<p><strong>COMO OS MUNIC\u00cdPIOS PODEM PARTICIPAR<\/strong><\/p>\n\n\n\n<p>Para aderir ao programa, \u00e9 preciso que o munic\u00edpio:<\/p>\n\n\n\n<p>&#8211; Disponha da Lei Municipal de Inova\u00e7\u00e3o, estabelecendo o marco legal para a\u00e7\u00f5es de CT&amp;I locais;<\/p>\n\n\n\n<p>&#8211; Possua um fundo municipal com CNPJ pr\u00f3prio, permitindo receber e gerir os recursos de forma aut\u00f4noma;<\/p>\n\n\n\n<p>&#8211; Possua um conselho municipal ativo, que ser\u00e1 respons\u00e1vel pela governan\u00e7a e fiscaliza\u00e7\u00e3o das a\u00e7\u00f5es;<\/p>\n\n\n\n<p>&#8211; Assine o termo de ades\u00e3o ao Pacto pela Inova\u00e7\u00e3o, formalizando seu compromisso com o programa.<\/p>\n\n\n\n<p><em>Fonte: Adaptado de EAN\/PR<\/em><\/p>\n","protected":false},"excerpt":{"rendered":"<div class=\"mh-excerpt\"><p>O an\u00fancio foi feito nesta quarta-feira (26), no Pal\u00e1cio Igua\u00e7u, pelo governador Carlos Massa Ratinho Junior e o secret\u00e1rio da Inova\u00e7\u00e3o e Intelig\u00eancia Artificial (SEIA), <a class=\"mh-excerpt-more\" href=\"https:\/\/interessatb.com.br\/?p=3197\" title=\"Governo do Paran\u00e1 destina R$ 55 milh\u00f5es para investimento em inova\u00e7\u00e3o dos munic\u00edpios\">[&#8230;]<\/a><\/p>\n<\/div>","protected":false},"author":1,"featured_media":3198,"comment_status":"closed","ping_status":"closed","sticky":false,"template":"","format":"standard","meta":{"footnotes":""},"categories":[18,12,14],"tags":[],"class_list":["post-3197","post","type-post","status-publish","format-standard","has-post-thumbnail","hentry","category-ciencia-e-tecnologia","category-parana","category-regiao"],"_links":{"self":[{"href":"https:\/\/interessatb.com.br\/index.php?rest_route=\/wp\/v2\/posts\/3197","targetHints":{"allow":["GET"]}}],"collection":[{"href":"https:\/\/interessatb.com.br\/index.php?rest_route=\/wp\/v2\/posts"}],"about":[{"href":"https:\/\/interessatb.com.br\/index.php?rest_route=\/wp\/v2\/types\/post"}],"author":[{"embeddable":true,"href":"https:\/\/interessatb.com.br\/index.php?rest_route=\/wp\/v2\/users\/1"}],"replies":[{"embeddable":true,"href":"https:\/\/interessatb.com.br\/index.php?rest_route=%2Fwp%2Fv2%2Fcomments&post=3197"}],"version-history":[{"count":1,"href":"https:\/\/interessatb.com.br\/index.php?rest_route=\/wp\/v2\/posts\/3197\/revisions"}],"predecessor-version":[{"id":3199,"href":"https:\/\/interessatb.com.br\/index.php?rest_route=\/wp\/v2\/posts\/3197\/revisions\/3199"}],"wp:featuredmedia":[{"embeddable":true,"href":"https:\/\/interessatb.com.br\/index.php?rest_route=\/wp\/v2\/media\/3198"}],"wp:attachment":[{"href":"https:\/\/interessatb.com.br\/index.php?rest_route=%2Fwp%2Fv2%2Fmedia&parent=3197"}],"wp:term":[{"taxonomy":"category","embeddable":true,"href":"https:\/\/interessatb.com.br\/index.php?rest_route=%2Fwp%2Fv2%2Fcategories&post=3197"},{"taxonomy":"post_tag","embeddable":true,"href":"https:\/\/interessatb.com.br\/index.php?rest_route=%2Fwp%2Fv2%2Ftags&post=3197"}],"curies":[{"name":"wp","href":"https:\/\/api.w.org\/{rel}","templated":true}]}}