{"id":3200,"date":"2025-11-27T15:34:02","date_gmt":"2025-11-27T18:34:02","guid":{"rendered":"https:\/\/interessatb.com.br\/?p=3200"},"modified":"2025-11-27T15:35:15","modified_gmt":"2025-11-27T18:35:15","slug":"interdicao-da-pr-160-em-telemaco-borba-acontece-nesta-sexta-feira28-para-obras","status":"publish","type":"post","link":"https:\/\/interessatb.com.br\/?p=3200","title":{"rendered":"Interdi\u00e7\u00e3o da PR-160 em Tel\u00eamaco Borba acontece nesta sexta-feira (28) para obras"},"content":{"rendered":"\n<p>O Departamento de Estradas de Rodagem do Paran\u00e1 (DER\/PR) informa que a interdi\u00e7\u00e3o da PR-160 em Tel\u00eamaco Borba, nos Campos Gerais, est\u00e1 agendada para esta sexta-feira,28. A medida \u00e9 necess\u00e1ria para remo\u00e7\u00e3o de cabos de energia el\u00e9trica, sendo parte das obras da trincheira que conectar\u00e1 os bairros Vila Oz\u00f3rio e Socomim. A data inicial da interdi\u00e7\u00e3o era sexta-feira passada, 21, mas foi adiada devido \u00e0s chuvas.<\/p>\n\n\n\n<p>A opera\u00e7\u00e3o deve durar 1 hora, e acontece entre as 10h e as 16h. Haver\u00e1 isolamento total da \u00e1rea, incluindo a suspens\u00e3o tempor\u00e1ria do tr\u00e1fego de ve\u00edculos, pedestres e ciclistas. A recomenda\u00e7\u00e3o \u00e9 que os usu\u00e1rios da rodovia planejem seus deslocamentos com anteced\u00eancia, utilizando rotas alternativas, e que ve\u00edculos de grande porte evitem a regi\u00e3o durante todo o per\u00edodo da interdi\u00e7\u00e3o.<\/p>\n\n\n\n<p>A Copel far\u00e1 comunica\u00e7\u00e3o pr\u00e9via aos moradores da Vila Oz\u00f3rio, Socomim e demais afetados, que ter\u00e3o o fornecimento de energia interrompido durante o procedimento. A normaliza\u00e7\u00e3o ocorrer\u00e1 logo ap\u00f3s a conclus\u00e3o dos trabalhos. Usu\u00e1rios devem ter aten\u00e7\u00e3o redobrada nas proximidades do local durante o per\u00edodo de interdi\u00e7\u00e3o e obedecer a sinaliza\u00e7\u00e3o provis\u00f3ria.<\/p>\n\n\n\n<p><strong>OBRAS<\/strong> \u2013 A constru\u00e7\u00e3o da trincheira da Vila Oz\u00f3rio est\u00e1 inclu\u00edda no Termo de Compromisso firmado entre a Klabin e o Governo do Estado, por meio da Secretaria de Infraestrutura e Log\u00edstica (SEIL), do Departamento de Estradas de Rodagem do Paran\u00e1 (DER\/PR) e da Secretaria da Fazenda (Sefa).<\/p>\n\n\n\n<p><em>Fonte: Adaptado de AEN\/PR.<\/em><\/p>\n","protected":false},"excerpt":{"rendered":"<div class=\"mh-excerpt\"><p>O Departamento de Estradas de Rodagem do Paran\u00e1 (DER\/PR) informa que a interdi\u00e7\u00e3o da PR-160 em Tel\u00eamaco Borba, nos Campos Gerais, est\u00e1 agendada para esta <a class=\"mh-excerpt-more\" href=\"https:\/\/interessatb.com.br\/?p=3200\" title=\"Interdi\u00e7\u00e3o da PR-160 em Tel\u00eamaco Borba acontece nesta sexta-feira (28) para obras\">[&#8230;]<\/a><\/p>\n<\/div>","protected":false},"author":1,"featured_media":3201,"comment_status":"closed","ping_status":"closed","sticky":false,"template":"","format":"standard","meta":{"footnotes":""},"categories":[2,14],"tags":[],"class_list":["post-3200","post","type-post","status-publish","format-standard","has-post-thumbnail","hentry","category-cidade","category-regiao"],"_links":{"self":[{"href":"https:\/\/interessatb.com.br\/index.php?rest_route=\/wp\/v2\/posts\/3200","targetHints":{"allow":["GET"]}}],"collection":[{"href":"https:\/\/interessatb.com.br\/index.php?rest_route=\/wp\/v2\/posts"}],"about":[{"href":"https:\/\/interessatb.com.br\/index.php?rest_route=\/wp\/v2\/types\/post"}],"author":[{"embeddable":true,"href":"https:\/\/interessatb.com.br\/index.php?rest_route=\/wp\/v2\/users\/1"}],"replies":[{"embeddable":true,"href":"https:\/\/interessatb.com.br\/index.php?rest_route=%2Fwp%2Fv2%2Fcomments&post=3200"}],"version-history":[{"count":2,"href":"https:\/\/interessatb.com.br\/index.php?rest_route=\/wp\/v2\/posts\/3200\/revisions"}],"predecessor-version":[{"id":3204,"href":"https:\/\/interessatb.com.br\/index.php?rest_route=\/wp\/v2\/posts\/3200\/revisions\/3204"}],"wp:featuredmedia":[{"embeddable":true,"href":"https:\/\/interessatb.com.br\/index.php?rest_route=\/wp\/v2\/media\/3201"}],"wp:attachment":[{"href":"https:\/\/interessatb.com.br\/index.php?rest_route=%2Fwp%2Fv2%2Fmedia&parent=3200"}],"wp:term":[{"taxonomy":"category","embeddable":true,"href":"https:\/\/interessatb.com.br\/index.php?rest_route=%2Fwp%2Fv2%2Fcategories&post=3200"},{"taxonomy":"post_tag","embeddable":true,"href":"https:\/\/interessatb.com.br\/index.php?rest_route=%2Fwp%2Fv2%2Ftags&post=3200"}],"curies":[{"name":"wp","href":"https:\/\/api.w.org\/{rel}","templated":true}]}}