{"id":3205,"date":"2025-11-27T17:35:24","date_gmt":"2025-11-27T20:35:24","guid":{"rendered":"https:\/\/interessatb.com.br\/?p=3205"},"modified":"2025-11-27T18:06:55","modified_gmt":"2025-11-27T21:06:55","slug":"forum-de-ciencia-tecnologia-e-inovacao-de-telemaco-borba-realiza-eleicao-de-nova-diretoria-para-2026","status":"publish","type":"post","link":"https:\/\/interessatb.com.br\/?p=3205","title":{"rendered":"F\u00f3rum de Ci\u00eancia, Tecnologia e Inova\u00e7\u00e3o de Tel\u00eamaco Borba realiza elei\u00e7\u00e3o de nova diretoria para 2026"},"content":{"rendered":"\n<p>O F\u00f3rum de Ci\u00eancia, Tecnologia e Inova\u00e7\u00e3o de Tel\u00eamaco Borba \u2013 ConecTB, elegeu sua terceira diretoria neste dia 27 e entra em nova fase, de execu\u00e7\u00e3o de a\u00e7\u00f5es junto \u00e0 comunidade, em busca da integra\u00e7\u00e3o de empresas, entidades civis, poder p\u00fablico, associa\u00e7\u00f5es e fontes de fomento, no campo da inova\u00e7\u00e3o.<\/p>\n\n\n\n<p>Com o prop\u00f3sito de promover o desenvolvimento do Ecossistema de Inova\u00e7\u00e3o de Tel\u00eamaco Borba, o f\u00f3rum ConecTB congrega v\u00e1rios atores. Participam de forma atuante: Parque Tecnol\u00f3gico SENAI, Aceleradora Cidade Inova PMTB, ACITEL, CRA Regional, SEBRAE, Polo Digital Gralha Azul, GA-HUB, Expansion Business, FLORSIL, Incubadora Tecnol\u00f3gica IFPR, CENSUPEG, UNICESUMAR, Casotec Tecnologia, Escale Consultoria, Comit\u00ea Territorial Vale do Tibagi.<\/p>\n\n\n\n<p>A nova diretoria eleita ficou assim constitu\u00edda:<\/p>\n\n\n\n<p class=\"has-text-align-center\">Presidente: Pedro Osni Barbosa<\/p>\n\n\n\n<p class=\"has-text-align-center\">Vice-Presidente: Claudemir Correia<\/p>\n\n\n\n<p class=\"has-text-align-center\">1\u00ba Secret\u00e1rio: Mateus Jonsson de Almeida<\/p>\n\n\n\n<p class=\"has-text-align-center\">2\u00ba Secret\u00e1rio: T\u00falio S\u00e9rvio Jos\u00e9 da Silva<\/p>\n\n\n\n<p class=\"has-text-align-center\">Conselheiros: Ardson Lellis Costa e Silva, Celso de Oliveira e Jo\u00e3o Maria Fermino dos Santos<\/p>\n\n\n\n<p class=\"has-text-align-center\">Conselheira Suplente: Thais Satie Faria Yaed\u00fa Martins<\/p>\n\n\n\n<p>A diretoria eleita inicia seus trabalhos a partir de janeiro de 2026, com mandato de um ano e possibilidade de uma reelei\u00e7\u00e3o. O f\u00f3rum ConecTB foi fundado em agosto de 2023, com objetivo de estabelecer caminhos para o futuro da inova\u00e7\u00e3o para Tel\u00eamaco Borba, a \u201cVis\u00e3o 43\u201d.<\/p>\n\n\n\n<p>Segundo o presidente em exerc\u00edcio, Celso de Oliveira \u201cas iniciativas de inova\u00e7\u00e3o j\u00e1 ocorrem nos diversos atores do ecossistema local de inova\u00e7\u00e3o. A presen\u00e7a do ConecTB possibilita fortalecer estas iniciativas, promovendo a colabora\u00e7\u00e3o entre estes atores, de forma a catalisar as a\u00e7\u00f5es individuais, com um planejamento mais amplo, de suporte e apoio m\u00fatuo\u201d.<\/p>\n\n\n\n<p>Com reuni\u00f5es mensais abertas ao p\u00fablico, onde ocorrem debates, discuss\u00f5es sobre o futuro da cidade e proposi\u00e7\u00e3o de a\u00e7\u00f5es para se atingir a vis\u00e3o proposta de uma \u201cTel\u00eamaco Borba consolidada como refer\u00eancia em tecnologia e inova\u00e7\u00e3o por meio do est\u00edmulo \u00e0 cultura empreendedora promovendo o desenvolvimento socioecon\u00f4mico da regi\u00e3o\u201d, a nova diretoria tem a miss\u00e3o de iniciar a execu\u00e7\u00e3o das a\u00e7\u00f5es propostas, que emergiram de estudos e debates at\u00e9 este momento.<\/p>\n\n\n\n<p>Informa\u00e7\u00f5es no instagram do f\u00f3rum: @conec.tb<\/p>\n\n\n\n<figure class=\"wp-block-image size-large\"><img loading=\"lazy\" decoding=\"async\" width=\"1024\" height=\"1024\" src=\"https:\/\/interessatb.com.br\/wp-content\/uploads\/2025\/11\/Helice-sextupla-ConecTB-Inicio-1024x1024.png\" alt=\"\" class=\"wp-image-3207\" srcset=\"https:\/\/interessatb.com.br\/wp-content\/uploads\/2025\/11\/Helice-sextupla-ConecTB-Inicio-1024x1024.png 1024w, https:\/\/interessatb.com.br\/wp-content\/uploads\/2025\/11\/Helice-sextupla-ConecTB-Inicio-300x300.png 300w, https:\/\/interessatb.com.br\/wp-content\/uploads\/2025\/11\/Helice-sextupla-ConecTB-Inicio-150x150.png 150w, https:\/\/interessatb.com.br\/wp-content\/uploads\/2025\/11\/Helice-sextupla-ConecTB-Inicio-768x768.png 768w, https:\/\/interessatb.com.br\/wp-content\/uploads\/2025\/11\/Helice-sextupla-ConecTB-Inicio-1536x1536.png 1536w, https:\/\/interessatb.com.br\/wp-content\/uploads\/2025\/11\/Helice-sextupla-ConecTB-Inicio.png 2048w\" sizes=\"auto, (max-width: 1024px) 100vw, 1024px\" \/><\/figure>\n","protected":false},"excerpt":{"rendered":"<div class=\"mh-excerpt\"><p>O F\u00f3rum de Ci\u00eancia, Tecnologia e Inova\u00e7\u00e3o de Tel\u00eamaco Borba \u2013 ConecTB, elegeu sua terceira diretoria neste dia 27 e entra em nova fase, de <a class=\"mh-excerpt-more\" href=\"https:\/\/interessatb.com.br\/?p=3205\" title=\"F\u00f3rum de Ci\u00eancia, Tecnologia e Inova\u00e7\u00e3o de Tel\u00eamaco Borba realiza elei\u00e7\u00e3o de nova diretoria para 2026\">[&#8230;]<\/a><\/p>\n<\/div>","protected":false},"author":1,"featured_media":3211,"comment_status":"closed","ping_status":"closed","sticky":false,"template":"","format":"standard","meta":{"footnotes":""},"categories":[2,18,14],"tags":[],"class_list":["post-3205","post","type-post","status-publish","format-standard","has-post-thumbnail","hentry","category-cidade","category-ciencia-e-tecnologia","category-regiao"],"_links":{"self":[{"href":"https:\/\/interessatb.com.br\/index.php?rest_route=\/wp\/v2\/posts\/3205","targetHints":{"allow":["GET"]}}],"collection":[{"href":"https:\/\/interessatb.com.br\/index.php?rest_route=\/wp\/v2\/posts"}],"about":[{"href":"https:\/\/interessatb.com.br\/index.php?rest_route=\/wp\/v2\/types\/post"}],"author":[{"embeddable":true,"href":"https:\/\/interessatb.com.br\/index.php?rest_route=\/wp\/v2\/users\/1"}],"replies":[{"embeddable":true,"href":"https:\/\/interessatb.com.br\/index.php?rest_route=%2Fwp%2Fv2%2Fcomments&post=3205"}],"version-history":[{"count":2,"href":"https:\/\/interessatb.com.br\/index.php?rest_route=\/wp\/v2\/posts\/3205\/revisions"}],"predecessor-version":[{"id":3209,"href":"https:\/\/interessatb.com.br\/index.php?rest_route=\/wp\/v2\/posts\/3205\/revisions\/3209"}],"wp:featuredmedia":[{"embeddable":true,"href":"https:\/\/interessatb.com.br\/index.php?rest_route=\/wp\/v2\/media\/3211"}],"wp:attachment":[{"href":"https:\/\/interessatb.com.br\/index.php?rest_route=%2Fwp%2Fv2%2Fmedia&parent=3205"}],"wp:term":[{"taxonomy":"category","embeddable":true,"href":"https:\/\/interessatb.com.br\/index.php?rest_route=%2Fwp%2Fv2%2Fcategories&post=3205"},{"taxonomy":"post_tag","embeddable":true,"href":"https:\/\/interessatb.com.br\/index.php?rest_route=%2Fwp%2Fv2%2Ftags&post=3205"}],"curies":[{"name":"wp","href":"https:\/\/api.w.org\/{rel}","templated":true}]}}