{"id":327,"date":"2021-08-31T07:46:45","date_gmt":"2021-08-31T10:46:45","guid":{"rendered":"https:\/\/interessatb.com.br\/?p=327"},"modified":"2022-08-21T10:45:10","modified_gmt":"2022-08-21T13:45:10","slug":"327","status":"publish","type":"post","link":"https:\/\/interessatb.com.br\/?p=327","title":{"rendered":"Ip\u00ea Amarelo \u00e9 destaque na paisagem no final do inverno"},"content":{"rendered":"\n<p>Daqui a 22 dias teremos a chegada da primavera. Como a natureza n\u00e3o se preocupa com calend\u00e1rios humanos, algumas esp\u00e9cies de plantas como o Ip\u00ea Amarelo (Handroanthus albus) todos os anos anuncia a aproxima\u00e7\u00e3o da nova esta\u00e7\u00e3o.<\/p>\n\n\n<div class=\"wp-block-image\">\n<figure class=\"alignleft size-full\"><img loading=\"lazy\" decoding=\"async\" width=\"300\" height=\"250\" src=\"http:\/\/interessatb.com.br\/wp-content\/uploads\/2022\/03\/baixa_resolucao_castelo.png\" alt=\"\" class=\"wp-image-987\"\/><\/figure>\n<\/div>\n\n\n<p>O Ip\u00ea Amarelo \u00e9 uma planta que tem estimulada sua flora\u00e7\u00e3o pela dura\u00e7\u00e3o mais curta do dia, o que acontece exatamente no inverno. Com este est\u00edmulo a planta desenvolve seus bot\u00f5es florais, que desabrocham no final do inverno. <\/p>\n\n\n\n<p><strong>Veja tamb\u00e9m<\/strong><\/p>\n\n\n\n<p><a href=\"https:\/\/interessatb.com.br\/2021\/07\/30\/mais-uma-manha-gelada-na-cidade\/\">Mais uma manh\u00e3 gelada em Tel\u00eamaco Borba<\/a><\/p>\n\n\n\n<p><a href=\"https:\/\/interessatb.com.br\/2021\/08\/27\/eric-tobera-e-bronze-paralimpico-na-natacao\/\">Eric Tobera \u00e9 bronze paral\u00edmpico na nata\u00e7\u00e3o<\/a><\/p>\n\n\n\n<p>A \u00e1rvore \u00e9 t\u00e3o bela e desperta tanto a aten\u00e7\u00e3o, que Petr\u00f3polis no Rio de Janeiro instituiu oficialmente a data de 28 de julho como o Dia do Ip\u00ea Amarelo, a ser comemorado no munic\u00edpio. A dura\u00e7\u00e3o da florada \u00e9 curta, e em poucos dias caem, dando lugar \u00e0 brota\u00e7\u00e3o de novas folhas que fecham as copas das \u00e1rvores, oferecendo generosa sombra na primavera que se aproxima.<\/p>\n","protected":false},"excerpt":{"rendered":"<div class=\"mh-excerpt\"><p>Daqui a 22 dias teremos a chegada da primavera. Como a natureza n\u00e3o se preocupa com calend\u00e1rios humanos, algumas esp\u00e9cies de plantas como o Ip\u00ea <a class=\"mh-excerpt-more\" href=\"https:\/\/interessatb.com.br\/?p=327\" title=\"Ip\u00ea Amarelo \u00e9 destaque na paisagem no final do inverno\">[&#8230;]<\/a><\/p>\n<\/div>","protected":false},"author":1,"featured_media":1230,"comment_status":"closed","ping_status":"closed","sticky":false,"template":"","format":"standard","meta":{"footnotes":""},"categories":[2],"tags":[],"class_list":["post-327","post","type-post","status-publish","format-standard","has-post-thumbnail","hentry","category-cidade"],"_links":{"self":[{"href":"https:\/\/interessatb.com.br\/index.php?rest_route=\/wp\/v2\/posts\/327","targetHints":{"allow":["GET"]}}],"collection":[{"href":"https:\/\/interessatb.com.br\/index.php?rest_route=\/wp\/v2\/posts"}],"about":[{"href":"https:\/\/interessatb.com.br\/index.php?rest_route=\/wp\/v2\/types\/post"}],"author":[{"embeddable":true,"href":"https:\/\/interessatb.com.br\/index.php?rest_route=\/wp\/v2\/users\/1"}],"replies":[{"embeddable":true,"href":"https:\/\/interessatb.com.br\/index.php?rest_route=%2Fwp%2Fv2%2Fcomments&post=327"}],"version-history":[{"count":1,"href":"https:\/\/interessatb.com.br\/index.php?rest_route=\/wp\/v2\/posts\/327\/revisions"}],"predecessor-version":[{"id":1231,"href":"https:\/\/interessatb.com.br\/index.php?rest_route=\/wp\/v2\/posts\/327\/revisions\/1231"}],"wp:featuredmedia":[{"embeddable":true,"href":"https:\/\/interessatb.com.br\/index.php?rest_route=\/wp\/v2\/media\/1230"}],"wp:attachment":[{"href":"https:\/\/interessatb.com.br\/index.php?rest_route=%2Fwp%2Fv2%2Fmedia&parent=327"}],"wp:term":[{"taxonomy":"category","embeddable":true,"href":"https:\/\/interessatb.com.br\/index.php?rest_route=%2Fwp%2Fv2%2Fcategories&post=327"},{"taxonomy":"post_tag","embeddable":true,"href":"https:\/\/interessatb.com.br\/index.php?rest_route=%2Fwp%2Fv2%2Ftags&post=327"}],"curies":[{"name":"wp","href":"https:\/\/api.w.org\/{rel}","templated":true}]}}