{"id":335,"date":"2021-09-02T07:50:55","date_gmt":"2021-09-02T10:50:55","guid":{"rendered":"https:\/\/interessatb.com.br\/?p=335"},"modified":"2022-08-21T10:43:31","modified_gmt":"2022-08-21T13:43:31","slug":"somos-um-pouco-de-cada-amigo-que-temos","status":"publish","type":"post","link":"https:\/\/interessatb.com.br\/?p=335","title":{"rendered":"Somos um pouco de cada amigo que temos"},"content":{"rendered":"<div class=\"wp-block-image is-style-rounded\">\n<figure class=\"alignleft size-full is-resized\"><img loading=\"lazy\" decoding=\"async\" src=\"http:\/\/interessatb.com.br\/wp-content\/uploads\/2022\/03\/Jacir-J-Venturi-Mercury.jpg\" alt=\"\" class=\"wp-image-971\" width=\"64\" height=\"70\"\/><\/figure>\n<\/div>\n\n\n<p><\/p>\n\n\n\n<p>Jacir Venturi*<\/p>\n\n\n\n<p><\/p>\n\n\n\n<p>De in\u00edcio, gostaria de contar uma pequena hist\u00f3ria. Na v\u00e9spera do casamento do filho, seu velho pai o chama para uma conversa: amanh\u00e3 voc\u00ea vai se casar, vai ter uma esposa, depois filhos que passar\u00e3o a ser a prioridade em sua vida. Mais tarde, seus filhos far\u00e3o exatamente o que voc\u00ea est\u00e1 fazendo comigo e que eu fiz com o seu av\u00f4. E o que ser\u00e1 de voc\u00ea? Por isso, nunca se distancie dos amigos. Hoje voc\u00ea n\u00e3o compreender\u00e1 essa importante li\u00e7\u00e3o, mas, repito, dedique tempo aos amigos.<\/p>\n\n\n\n<p>E muito mais necess\u00e1rios eles ser\u00e3o \u00e0 medida que voc\u00ea for envelhecendo. \u00c9 com eles que voc\u00ea vai rememorar boas hist\u00f3rias, dar gargalhadas gostosas, falar de pol\u00edtica e futebol, contar segredos, esquecer frustra\u00e7\u00f5es, ang\u00fastias e ingratid\u00f5es. Conselhos s\u00e1bios de um velho pai, pois muito do que somos devemos aos amigos, e quando se perde um amigo \u2013 seja pela morte, seja por circunst\u00e2ncias alheias \u00e0 nossa vontade \u2013 \u00e9 um peda\u00e7o de n\u00f3s que se vai. Ah, como d\u00f3i! E n\u00e3o \u00e9 dor f\u00edsica. Por que os amigos n\u00e3o s\u00e3o eternos?<\/p>\n\n\n\n<p>Amigos s\u00e3o os irm\u00e3os que nos damos, ao passo que os irm\u00e3os s\u00e3o os amigos que Deus nos d\u00e1 \u2013 parafraseando um engenheiro carioca. Pessoas t\u00f3xicas h\u00e1 sim, e muitas, entretanto os amigos s\u00e3o medicinais, pois curam as nossas mazelas pelo simples fato de estarem juntos de n\u00f3s. Amizade \u00e9 cumplicidade, disposi\u00e7\u00e3o para todo tipo de ajuda, reciprocidade de afetos, confian\u00e7a, troca de experi\u00eancias e lembran\u00e7as de boas hist\u00f3rias em comum. E uma rela\u00e7\u00e3o de amizade adulta ser\u00e1 vitoriosa na medida do di\u00e1logo, das concess\u00f5es m\u00fatuas e at\u00e9 mesmo de toler\u00e2ncia. Tal qual o amor, a amizade \u00e9 uma roseira em seu jardim: se h\u00e1 a beleza e o perfume das flores, tamb\u00e9m os espinhos que por vezes nos machucam.<\/p>\n\n\n<div class=\"wp-block-image\">\n<figure class=\"alignleft size-full\"><img loading=\"lazy\" decoding=\"async\" width=\"300\" height=\"250\" src=\"http:\/\/interessatb.com.br\/wp-content\/uploads\/2022\/03\/baixa_resolucao_castelo.png\" alt=\"\" class=\"wp-image-987\"\/><\/figure>\n<\/div>\n\n\n<p>E qual a diferen\u00e7a entre &#8220;eu gosto de ti&#8221; e &#8220;eu te amo&#8221;? \u2013 questionou um disc\u00edpulo ao mestre Buda, l\u00e1 pelo long\u00ednquo ano de 550 a.C. Eu agora pe\u00e7o v\u00eanias pela licen\u00e7a po\u00e9tica que pratico na resposta dada por Buda: quando tu gostas de uma flor, tu a arrancas e a levas contigo para que contemples a sua beleza e seu aroma. Mas se tu amas a flor, tu a cultivar\u00e1s com todo o teu zelo e carinho. Cabe recordar que Buda, aos 26 anos, abandonou uma vida de riquezas e lux\u00farias do pal\u00e1cio da fam\u00edlia em busca da eleva\u00e7\u00e3o espiritual.<\/p>\n\n\n\n<p>Corroboram com este pensamento os antigos gregos, para os quais a amizade \u00e9 uma varia\u00e7\u00e3o do amor \u2013 um amor temperado pela raz\u00e3o, que denominavam philia. Arist\u00f3teles se faz oportuno ao afirmar que &#8220;ningu\u00e9m escolheria viver sem amigos, mesmo se tivesse todos os outros bens e a nobreza&#8221;. Sim, sem amigos a vida se tornaria insignificante.<\/p>\n\n\n\n<p>Epicuro, outro fil\u00f3sofo hel\u00eanico e que recebeu o ep\u00edteto de Ap\u00f3stolo da Amizade, quando perguntado sobre o que se deve fazer para uma vida feliz, respondeu que, &#8220;para a felicidade, das mais importantes \u00e9 a amizade&#8221;. Em 306 a.C., j\u00e1 com seus 36 anos, Epicuro arrebanhou alguns de seus leais amigos e juntos adquiriram uma esp\u00e9cie de ch\u00e1cara nas cercanias de Atenas, onde fundaram uma escola, denominada Academia Jardim, formando com os disc\u00edpulos uma sociedade autossustent\u00e1vel: plantavam e colhiam inclusive o pr\u00f3prio alimento. N\u00e3o havia hierarquia e dedicavam o tempo essencialmente aos estudos e \u00e0 reflex\u00e3o. As refei\u00e7\u00f5es eram o momento de compartilhamento de todos, de celebra\u00e7\u00e3o e alegria, pois era cultura da escola que mais importante que comer \u00e9 com quem comer; alimentar-se sem a companhia de amigos \u00e9 viver como um lobo.<\/p>\n\n\n\n<p>Todavia, a realidade contempor\u00e2nea tem imposto importantes reveses \u00e0s amizades reais, verdadeiras. Um dos bons e representativos analistas dessa realidade foi o soci\u00f3logo polon\u00eas Zygmunt Bauman (1925-2017), que chamou os atuais la\u00e7os afetivos de l\u00edquidos, fr\u00e1geis e individualistas. Ele refletiu em sua obra sobre as rela\u00e7\u00f5es de amizades ef\u00eameras do mundo das redes sociais onde tudo \u00e9 fugaz: se sentia estupefato com as pessoas que t\u00eam 500 ou 1000 \u201camigos\u201d, pois ele, que passou dos 90 anos, contaria nos dedos aqueles que chamaria de amigos.<\/p>\n\n\n\n<p>Para Bauman, \u00e9 um grande paradoxo, pois \u00e9 um solit\u00e1rio em meio a uma multid\u00e3o de solit\u00e1rios, um ecossistema onde \u201ctudo \u00e9 mais f\u00e1cil na vida virtual, mas perdemos a arte das rela\u00e7\u00f5es sociais e da amizade. Esquecemos o amor, a amizade, os sentimentos, o trabalho bem feito. O que se consome e o que se compra s\u00e3o apenas sedativos morais que tranquilizam seus escr\u00fapulos \u00e9ticos\u201d. Prevalece o fast-food (n\u00e3o s\u00f3 o da alimenta\u00e7\u00e3o), longe do apregoado por Epicuro. E o que ser\u00e1 dessa gera\u00e7\u00e3o quando chegar aos 50, 60, 70 anos, sem que tenham sido cultivados os amigos de verdade?<\/p>\n\n\n\n<p><em>(*) Jacir J. Venturi , professor, diretor de escola, autor de tr\u00eas livros e membro do Conselho Estadual de Educa\u00e7\u00e3o do Paran\u00e1. <\/em><\/p>\n","protected":false},"excerpt":{"rendered":"<div class=\"mh-excerpt\"><p>Jacir Venturi* De in\u00edcio, gostaria de contar uma pequena hist\u00f3ria. Na v\u00e9spera do casamento do filho, seu velho pai o chama para uma conversa: amanh\u00e3 <a class=\"mh-excerpt-more\" href=\"https:\/\/interessatb.com.br\/?p=335\" title=\"Somos um pouco de cada amigo que temos\">[&#8230;]<\/a><\/p>\n<\/div>","protected":false},"author":1,"featured_media":1227,"comment_status":"closed","ping_status":"closed","sticky":false,"template":"","format":"standard","meta":{"footnotes":""},"categories":[3,9],"tags":[],"class_list":["post-335","post","type-post","status-publish","format-standard","has-post-thumbnail","hentry","category-colunistas","category-colunista-jacir-venturi"],"_links":{"self":[{"href":"https:\/\/interessatb.com.br\/index.php?rest_route=\/wp\/v2\/posts\/335","targetHints":{"allow":["GET"]}}],"collection":[{"href":"https:\/\/interessatb.com.br\/index.php?rest_route=\/wp\/v2\/posts"}],"about":[{"href":"https:\/\/interessatb.com.br\/index.php?rest_route=\/wp\/v2\/types\/post"}],"author":[{"embeddable":true,"href":"https:\/\/interessatb.com.br\/index.php?rest_route=\/wp\/v2\/users\/1"}],"replies":[{"embeddable":true,"href":"https:\/\/interessatb.com.br\/index.php?rest_route=%2Fwp%2Fv2%2Fcomments&post=335"}],"version-history":[{"count":2,"href":"https:\/\/interessatb.com.br\/index.php?rest_route=\/wp\/v2\/posts\/335\/revisions"}],"predecessor-version":[{"id":1229,"href":"https:\/\/interessatb.com.br\/index.php?rest_route=\/wp\/v2\/posts\/335\/revisions\/1229"}],"wp:featuredmedia":[{"embeddable":true,"href":"https:\/\/interessatb.com.br\/index.php?rest_route=\/wp\/v2\/media\/1227"}],"wp:attachment":[{"href":"https:\/\/interessatb.com.br\/index.php?rest_route=%2Fwp%2Fv2%2Fmedia&parent=335"}],"wp:term":[{"taxonomy":"category","embeddable":true,"href":"https:\/\/interessatb.com.br\/index.php?rest_route=%2Fwp%2Fv2%2Fcategories&post=335"},{"taxonomy":"post_tag","embeddable":true,"href":"https:\/\/interessatb.com.br\/index.php?rest_route=%2Fwp%2Fv2%2Ftags&post=335"}],"curies":[{"name":"wp","href":"https:\/\/api.w.org\/{rel}","templated":true}]}}