{"id":345,"date":"2021-09-05T10:49:09","date_gmt":"2021-09-05T13:49:09","guid":{"rendered":"https:\/\/interessatb.com.br\/?p=345"},"modified":"2022-08-21T10:41:22","modified_gmt":"2022-08-21T13:41:22","slug":"josue-da-costa-recebe-homenagem-postuma-por-vida-dedicada-a-missoes-e-amor-ao-proximo","status":"publish","type":"post","link":"https:\/\/interessatb.com.br\/?p=345","title":{"rendered":"Josu\u00e9 da Costa recebe homenagem p\u00f3stuma por vida dedicada \u00e0 miss\u00f5es e amor ao pr\u00f3ximo"},"content":{"rendered":"\n<p>Na noite desta quarta-feira, 01, foi inaugurada a Casa de Costura Josu\u00e9 da Costa (<em>in memoriam<\/em>). A homenagem reflete o trabalho realizado pelo empres\u00e1rio, que dedicou grande parte de sua vida \u00e0 projetos sociais que alcan\u00e7aram fam\u00edlias em Tel\u00eamaco Borba e regi\u00e3o, na regi\u00e3o do Vale do Ribeira em S\u00e3o Paulo e no Nordeste do pa\u00eds. <\/p>\n\n\n\n<p>Estiveram presentes na solenidade os pastores Adriano Martins Rodrigues e Renato Benvenutti, representando a Igreja Batista Betel de Tel\u00eamaco Borba, a diretoria da Associa\u00e7\u00e3o Betel, da qual Josu\u00e9 da Costa era o presidente, al\u00e9m dos familiares do homenageado.<\/p>\n\n\n\n<p>A Casa de Costura Josu\u00e9 da Costa est\u00e1 localizada no bairro Rio Alegre, ao lado da Igreja Batista Betel do bairro. O objetivo do projeto \u00e9 recuperar roupas oriundas de doa\u00e7\u00f5es, promover capacita\u00e7\u00f5es em corte e costura e produ\u00e7\u00e3o de artigos destinados \u00e0 obra social.<\/p>\n\n\n<div class=\"wp-block-image\">\n<figure class=\"alignleft size-full is-resized\"><img loading=\"lazy\" decoding=\"async\" src=\"http:\/\/interessatb.com.br\/wp-content\/uploads\/2021\/09\/WhatsApp-Image-2021-09-02-at-22.40.49-1.jpeg\" alt=\"\" class=\"wp-image-1217\" width=\"388\" height=\"258\"\/><\/figure>\n<\/div>\n\n\n<p>O Pr. Adriano em seu discurso dirigiu palavras de gratid\u00e3o \u00e0 Josu\u00e9 e sua fam\u00edlia, por tudo que realizou junto \u00e0 obra social da Igreja Batista Betel. Em tom embargado, destacou a amizade pessoal que ambos cultivavam.<\/p>\n\n\n\n<p>Conforme Pr. Glauco Ernani Ferreira &#8220;Josu\u00e9 foi um homem dedicado \u00e0 vis\u00e3o de Reino na Terra. Para al\u00e9m de denomina\u00e7\u00f5es religiosas, conseguiu mobilizar pessoas de diversas cren\u00e7as em torno do trabalho de ajuda ao pr\u00f3ximo&#8221;. A diretoria da associa\u00e7\u00e3o destacou a import\u00e2ncia do exemplo de tenacidade e determina\u00e7\u00e3o pelas causas humanit\u00e1rias deixados por Josu\u00e9 da Costa.<\/p>\n\n\n\n<p>Para Zeneide Costa Silva de Oliveira, que assumiu a presid\u00eancia da associa\u00e7\u00e3o, a palavra de ordem \u00e9 &#8220;Dar seguimento ao projeto iniciado pela vis\u00e3o de Josu\u00e9. A inaugura\u00e7\u00e3o desta Casa de Costura \u00e9 exemplo disto. E contamos com a colabora\u00e7\u00e3o de todos que desejarem contribuir, pois uma obra como esta n\u00e3o se realiza sem a ajuda de muitas pessoas&#8230;&#8221;<\/p>\n\n\n\n<figure class=\"wp-block-gallery has-nested-images columns-default is-cropped wp-block-gallery-1 is-layout-flex wp-block-gallery-is-layout-flex\">\n<figure class=\"wp-block-image size-large\"><img loading=\"lazy\" decoding=\"async\" width=\"1280\" height=\"907\" data-id=\"1218\" src=\"http:\/\/interessatb.com.br\/wp-content\/uploads\/2021\/09\/WhatsApp-Image-2021-09-03-at-09.31.27-1.jpeg\" alt=\"\" class=\"wp-image-1218\"\/><\/figure>\n\n\n\n<figure class=\"wp-block-image size-large\"><img loading=\"lazy\" decoding=\"async\" width=\"1280\" height=\"853\" data-id=\"1219\" src=\"http:\/\/interessatb.com.br\/wp-content\/uploads\/2021\/09\/WhatsApp-Image-2021-09-02-at-22.40.49-2.jpeg\" alt=\"\" class=\"wp-image-1219\"\/><\/figure>\n\n\n\n<figure class=\"wp-block-image size-large\"><img loading=\"lazy\" decoding=\"async\" width=\"1280\" height=\"853\" data-id=\"1220\" src=\"http:\/\/interessatb.com.br\/wp-content\/uploads\/2021\/09\/WhatsApp-Image-2021-09-02-at-22.40.50-1.jpeg\" alt=\"\" class=\"wp-image-1220\"\/><\/figure>\n\n\n\n<figure class=\"wp-block-image size-large\"><img loading=\"lazy\" decoding=\"async\" width=\"1280\" height=\"853\" data-id=\"1221\" src=\"http:\/\/interessatb.com.br\/wp-content\/uploads\/2021\/09\/WhatsApp-Image-2021-09-02-at-22.40.50-2.jpeg\" alt=\"\" class=\"wp-image-1221\"\/><\/figure>\n\n\n\n<figure class=\"wp-block-image size-large\"><img loading=\"lazy\" decoding=\"async\" width=\"1280\" height=\"853\" data-id=\"1222\" src=\"http:\/\/interessatb.com.br\/wp-content\/uploads\/2021\/09\/WhatsApp-Image-2021-09-02-at-22.40.49-3.jpeg\" alt=\"\" class=\"wp-image-1222\"\/><\/figure>\n\n\n\n<figure class=\"wp-block-image size-large\"><img loading=\"lazy\" decoding=\"async\" width=\"1280\" height=\"853\" data-id=\"1223\" src=\"http:\/\/interessatb.com.br\/wp-content\/uploads\/2021\/09\/WhatsApp-Image-2021-09-02-at-22.40.50.jpeg\" alt=\"\" class=\"wp-image-1223\"\/><\/figure>\n<\/figure>\n\n\n<div class=\"wp-block-image\">\n<figure class=\"alignleft size-full is-resized\"><img loading=\"lazy\" decoding=\"async\" src=\"http:\/\/interessatb.com.br\/wp-content\/uploads\/2022\/01\/unicesumar.png\" alt=\"\" class=\"wp-image-1027\" width=\"4500\" height=\"6300\"\/><\/figure>\n<\/div>","protected":false},"excerpt":{"rendered":"<div class=\"mh-excerpt\"><p>Na noite desta quarta-feira, 01, foi inaugurada a Casa de Costura Josu\u00e9 da Costa (in memoriam). A homenagem reflete o trabalho realizado pelo empres\u00e1rio, que <a class=\"mh-excerpt-more\" href=\"https:\/\/interessatb.com.br\/?p=345\" title=\"Josu\u00e9 da Costa recebe homenagem p\u00f3stuma por vida dedicada \u00e0 miss\u00f5es e amor ao pr\u00f3ximo\">[&#8230;]<\/a><\/p>\n<\/div>","protected":false},"author":1,"featured_media":1215,"comment_status":"closed","ping_status":"closed","sticky":false,"template":"","format":"standard","meta":{"footnotes":""},"categories":[2],"tags":[],"class_list":["post-345","post","type-post","status-publish","format-standard","has-post-thumbnail","hentry","category-cidade"],"_links":{"self":[{"href":"https:\/\/interessatb.com.br\/index.php?rest_route=\/wp\/v2\/posts\/345","targetHints":{"allow":["GET"]}}],"collection":[{"href":"https:\/\/interessatb.com.br\/index.php?rest_route=\/wp\/v2\/posts"}],"about":[{"href":"https:\/\/interessatb.com.br\/index.php?rest_route=\/wp\/v2\/types\/post"}],"author":[{"embeddable":true,"href":"https:\/\/interessatb.com.br\/index.php?rest_route=\/wp\/v2\/users\/1"}],"replies":[{"embeddable":true,"href":"https:\/\/interessatb.com.br\/index.php?rest_route=%2Fwp%2Fv2%2Fcomments&post=345"}],"version-history":[{"count":4,"href":"https:\/\/interessatb.com.br\/index.php?rest_route=\/wp\/v2\/posts\/345\/revisions"}],"predecessor-version":[{"id":1226,"href":"https:\/\/interessatb.com.br\/index.php?rest_route=\/wp\/v2\/posts\/345\/revisions\/1226"}],"wp:featuredmedia":[{"embeddable":true,"href":"https:\/\/interessatb.com.br\/index.php?rest_route=\/wp\/v2\/media\/1215"}],"wp:attachment":[{"href":"https:\/\/interessatb.com.br\/index.php?rest_route=%2Fwp%2Fv2%2Fmedia&parent=345"}],"wp:term":[{"taxonomy":"category","embeddable":true,"href":"https:\/\/interessatb.com.br\/index.php?rest_route=%2Fwp%2Fv2%2Fcategories&post=345"},{"taxonomy":"post_tag","embeddable":true,"href":"https:\/\/interessatb.com.br\/index.php?rest_route=%2Fwp%2Fv2%2Ftags&post=345"}],"curies":[{"name":"wp","href":"https:\/\/api.w.org\/{rel}","templated":true}]}}