{"id":37,"date":"2021-07-18T08:00:55","date_gmt":"2021-07-18T11:00:55","guid":{"rendered":"https:\/\/interessatb.com.br\/?p=37"},"modified":"2022-08-21T11:55:14","modified_gmt":"2022-08-21T14:55:14","slug":"parana-confirma-o-nono-caso-de-coronavirus-variante-delta","status":"publish","type":"post","link":"https:\/\/interessatb.com.br\/?p=37","title":{"rendered":"Paran\u00e1 confirma o nono caso de coronav\u00edrus variante Delta"},"content":{"rendered":"\n<p>A Secretaria da Sa\u00fade do Paran\u00e1 confirmou neste s\u00e1bado (17) o nono caso da variante Delta no Estado. Trata-se de um homem, de 46 anos, que reside no munic\u00edpio de S\u00e3o Jos\u00e9 dos Pinhais, na Regi\u00e3o Metropolitana de Curitiba, \u00e1rea da 2\u00aa. Regional de Sa\u00fade Curitiba.<\/p>\n\n\n\n<p>O sequenciamento gen\u00f4mico da amostra foi realizado pelo Laborat\u00f3rio da Fiocruz, no Rio de Janeiro, com material enviado pelo IBMP (Instituto de Biologia Molecular do Paran\u00e1). A data da coleta do RT-PCR foi 11 de junho, no in\u00edcio dos sintomas. O paciente n\u00e3o registra comorbidade associada e n\u00e3o necessitou de internamento. O quadro do paciente evoluiu para recupera\u00e7\u00e3o e o homem est\u00e1 bem.<\/p>\n\n\n\n<p>Este \u00e9 o segundo caso da variante Delta confirmado no munic\u00edpio de S\u00e3o Jos\u00e9 dos Pinhais. O outro caso foi divulgado na quarta-feira, dia 14, de uma mulher de 46 anos, que foi a \u00f3bito.<\/p>\n\n\n\n<p>Al\u00e9m dos 2 casos de S\u00e3o Jos\u00e9 dos Pinhais, outros casos da variante Delta foram confirmados nos munic\u00edpios de Apucarana (4 casos\/16\u00aa Regional de Sa\u00fade Apucarana), Rol\u00e2ndia (1 caso\/17\u00aa Regional de Sa\u00fade Londrina); Mandaguari (1 caso\/15\u00aa Regional de Sa\u00fade Maring\u00e1) e Francisco Beltr\u00e3o (1 caso\/8\u00aa Regional de Sa\u00fade Francisco Beltr\u00e3o).<\/p>\n\n\n\n<p><strong>INVESTIGA\u00c7\u00c3O &#8211;&nbsp;<\/strong>H\u00e1 uma semana est\u00e1 sendo realizada no Paran\u00e1 uma investiga\u00e7\u00e3o sobre os casos da variante Delta, com a coordena\u00e7\u00e3o do Minist\u00e9rio da Sa\u00fade e participa\u00e7\u00e3o das equipes da Secretaria do Estado da Sa\u00fade e da vigil\u00e2ncia dos munic\u00edpios. A pesquisa \u00e9 realizada em todos os munic\u00edpios com casos confirmados, al\u00e9m de suas redes de contatos secund\u00e1rios e terci\u00e1rios, com o objetivo de avaliar o n\u00edvel da transmiss\u00e3o.<\/p>\n\n\n\n<p>As equipes do Programa de Treinamento em Epidemiologia Aplicada aos Servi\u00e7os do Sistema \u00danico de Sa\u00fade (Episus) j\u00e1 finalizaram a etapa da coleta de dados em Francisco Beltr\u00e3o e iniciam hoje o mesmo trabalho de pesquisa investigativa em S\u00e3o Jos\u00e9 dos Pinhas.<\/p>\n\n\n\n<p>A pesquisa aprofundada com a coleta de informa\u00e7\u00f5es ainda segue nos munic\u00edpios de Apucarana, Rol\u00e2ndia e Mandaguari. A data para o encerramento da investiga\u00e7\u00e3o n\u00e3o est\u00e1 definida e s\u00f3 ap\u00f3s dever\u00e1 ser divulgado o grau da transmiss\u00e3o no Paran\u00e1.<\/p>\n\n\n\n<p>\u201cA variante Delta \u00e9 considerada de aten\u00e7\u00e3o pelo Minist\u00e9rio da Sa\u00fade, por isso esta investiga\u00e7\u00e3o se tornou fundamental para a Vigil\u00e2ncia Epidemil\u00f3gica e nos apoiar\u00e1 na decis\u00e3o de novas medidas de enfrentamento e controle da pandemia\u201d, afirmou o secret\u00e1rio de Estado da Sa\u00fade, Beto Preto.<\/p>\n\n\n\n<p>\u201cEnquanto aguardamos o resultado do inqu\u00e9rito, reafirmamos \u00e0 popula\u00e7\u00e3o a import\u00e2ncia das medidas preventivas contra a Covid-19, que s\u00e3o o uso de m\u00e1scara, higieniza\u00e7\u00e3o das m\u00e3os e distanciamento social\u201d, enfatizou. Dos nove casos confirmados no Paran\u00e1 da variante Delta, 4 foram a \u00f3bito.<\/p>\n\n\n\n<p><strong>DADOS &#8211;<\/strong>&nbsp;At\u00e9 o momento 676 amostras foram sequenciadas no Paran\u00e1, sendo 422 para a variante P.1 (Gama, brasileira). Dessas, dois pacientes coletaram duas amostras em per\u00edodos diferentes, sendo constatado P.1 em ambas, portanto, foram contabilizadas apenas uma vez. Assim, s\u00e3o considerados 420 casos de P.1.&nbsp; e tamb\u00e9m 1 caso de P.1.1 e 4 casos de P.1.2.<\/p>\n\n\n\n<p>Quanto \u00e0 variante B.1.1.7 (Alpha &#8211; Reino Unido) s\u00e3o 10 resultados confirmados. Para a variante B.1.617.2 (Delta \u2013 indiana), at\u00e9 o momento s\u00e3o 9 confirmados. Tr\u00eas casos confirmaram para reinfec\u00e7\u00e3o at\u00e9 o momento.<\/p>\n\n\n\n<p>As demais linhagens detectadas at\u00e9 a data de hoje s\u00e3o:&nbsp; 92 casos de P.2; 78 casos de B.1.1.28; 23 resultados de B.1.1.33; 11 de B.1; 4 para B.1.1.1; 4 de B.1.375; 3 casos de B.1.1; 2 resultados para B.1.195; 2 para B.1.1.119. Apresentando uma amostra sequenciada para cada uma das seguintes variantes de aten\u00e7\u00e3o: B.1.1.220; B.1.98; B.1.498; B.1.617.2; B.1.566; B.1.1.250; B.1.243; B.1.1.304; B.1.501; B.1.1.114; A, N.9.<\/p>\n","protected":false},"excerpt":{"rendered":"<div class=\"mh-excerpt\"><p>A Secretaria da Sa\u00fade do Paran\u00e1 confirmou neste s\u00e1bado (17) o nono caso da variante Delta no Estado. Trata-se de um homem, de 46 anos, <a class=\"mh-excerpt-more\" href=\"https:\/\/interessatb.com.br\/?p=37\" title=\"Paran\u00e1 confirma o nono caso de coronav\u00edrus variante Delta\">[&#8230;]<\/a><\/p>\n<\/div>","protected":false},"author":1,"featured_media":1309,"comment_status":"closed","ping_status":"closed","sticky":false,"template":"","format":"standard","meta":{"footnotes":""},"categories":[12,15],"tags":[],"class_list":["post-37","post","type-post","status-publish","format-standard","has-post-thumbnail","hentry","category-parana","category-saude"],"_links":{"self":[{"href":"https:\/\/interessatb.com.br\/index.php?rest_route=\/wp\/v2\/posts\/37","targetHints":{"allow":["GET"]}}],"collection":[{"href":"https:\/\/interessatb.com.br\/index.php?rest_route=\/wp\/v2\/posts"}],"about":[{"href":"https:\/\/interessatb.com.br\/index.php?rest_route=\/wp\/v2\/types\/post"}],"author":[{"embeddable":true,"href":"https:\/\/interessatb.com.br\/index.php?rest_route=\/wp\/v2\/users\/1"}],"replies":[{"embeddable":true,"href":"https:\/\/interessatb.com.br\/index.php?rest_route=%2Fwp%2Fv2%2Fcomments&post=37"}],"version-history":[{"count":1,"href":"https:\/\/interessatb.com.br\/index.php?rest_route=\/wp\/v2\/posts\/37\/revisions"}],"predecessor-version":[{"id":1310,"href":"https:\/\/interessatb.com.br\/index.php?rest_route=\/wp\/v2\/posts\/37\/revisions\/1310"}],"wp:featuredmedia":[{"embeddable":true,"href":"https:\/\/interessatb.com.br\/index.php?rest_route=\/wp\/v2\/media\/1309"}],"wp:attachment":[{"href":"https:\/\/interessatb.com.br\/index.php?rest_route=%2Fwp%2Fv2%2Fmedia&parent=37"}],"wp:term":[{"taxonomy":"category","embeddable":true,"href":"https:\/\/interessatb.com.br\/index.php?rest_route=%2Fwp%2Fv2%2Fcategories&post=37"},{"taxonomy":"post_tag","embeddable":true,"href":"https:\/\/interessatb.com.br\/index.php?rest_route=%2Fwp%2Fv2%2Ftags&post=37"}],"curies":[{"name":"wp","href":"https:\/\/api.w.org\/{rel}","templated":true}]}}