{"id":386,"date":"2021-09-20T07:53:53","date_gmt":"2021-09-20T10:53:53","guid":{"rendered":"https:\/\/interessatb.com.br\/?p=386"},"modified":"2022-08-21T10:22:02","modified_gmt":"2022-08-21T13:22:02","slug":"repescagem-de-vacinacao-para-pessoas-com-18-anos-ou-mais","status":"publish","type":"post","link":"https:\/\/interessatb.com.br\/?p=386","title":{"rendered":"Repescagem de vacina\u00e7\u00e3o para pessoas com 18 anos ou mais nesta segunda (20)"},"content":{"rendered":"\n<p>Conforme informe da prefeitura de Tel\u00eamaco Borba, nesta segunda-feira, 20, segue a vacina\u00e7\u00e3o para mun\u00edcipes com 18 anos ou mais. A campanha \u00e9 para quem ainda n\u00e3o tomou a primeira dose. A vacina \u00e9 contraindicada para pessoas com quadro de gripe forte e febril nas \u00faltimas 24 horas, ter tomado qualquer outra vacina h\u00e1 menos de 14 dias ou tenha contra\u00eddo COVID-19 com sintomas presentes h\u00e1 menos de 30 dias.<\/p>\n\n\n<div class=\"wp-block-image\">\n<figure class=\"alignleft size-full\"><img loading=\"lazy\" decoding=\"async\" width=\"300\" height=\"250\" src=\"http:\/\/interessatb.com.br\/wp-content\/uploads\/2022\/03\/baixa_resolucao_castelo.png\" alt=\"\" class=\"wp-image-987\"\/><\/figure>\n<\/div>\n\n\n<p>Para os que se enquadram nestes crit\u00e9rios, devem procurar o Centro de Especialidades da prefeitura de Tel\u00eamaco Borba, das 9 horas \u00e0s 11 horas e 30 minutos. Tamb\u00e9m ser\u00e3o atendidos mun\u00edcipes nas Unidades B\u00e1sicas de Sa\u00fade (UBS, ou &#8220;postinhos&#8221;) nos bairros durante o dia todo, das 9 horas \u00e0s 16 horas.<\/p>\n\n\n\n<p><strong>Veja mais<\/strong><\/p>\n\n\n\n<p><a href=\"https:\/\/interessatb.com.br\/2021\/08\/08\/telemaco-borba-apresenta-pela-primeira-vez-mais-recuperados-da-covid-19-que-o-numero-de-casos-registrados-este-ano\/\">Tel\u00eamaco Borba apresenta pela primeira vez mais recuperados da COVID-19 que o n\u00famero de casos registrados este ano<\/a><\/p>\n\n\n\n<p><a href=\"https:\/\/interessatb.com.br\/2021\/08\/31\/327\/\">Ip\u00ea Amarelo \u00e9 destaque na paisagem no final do inverno<\/a><\/p>\n\n\n\n<p>Para receber a vacina \u00e9 obrigat\u00f3rio apresentar documento com foto, CPF e o cart\u00e3o do SUS, al\u00e9m do cart\u00e3o de vacina\u00e7\u00e3o. Em caso da falta de algum destes documentos, procure a UBS de seu bairro para maiores orienta\u00e7\u00f5es.<\/p>\n","protected":false},"excerpt":{"rendered":"<div class=\"mh-excerpt\"><p>Conforme informe da prefeitura de Tel\u00eamaco Borba, nesta segunda-feira, 20, segue a vacina\u00e7\u00e3o para mun\u00edcipes com 18 anos ou mais. A campanha \u00e9 para quem <a class=\"mh-excerpt-more\" href=\"https:\/\/interessatb.com.br\/?p=386\" title=\"Repescagem de vacina\u00e7\u00e3o para pessoas com 18 anos ou mais nesta segunda (20)\">[&#8230;]<\/a><\/p>\n<\/div>","protected":false},"author":1,"featured_media":1202,"comment_status":"closed","ping_status":"closed","sticky":false,"template":"","format":"standard","meta":{"footnotes":""},"categories":[2,15],"tags":[],"class_list":["post-386","post","type-post","status-publish","format-standard","has-post-thumbnail","hentry","category-cidade","category-saude"],"_links":{"self":[{"href":"https:\/\/interessatb.com.br\/index.php?rest_route=\/wp\/v2\/posts\/386","targetHints":{"allow":["GET"]}}],"collection":[{"href":"https:\/\/interessatb.com.br\/index.php?rest_route=\/wp\/v2\/posts"}],"about":[{"href":"https:\/\/interessatb.com.br\/index.php?rest_route=\/wp\/v2\/types\/post"}],"author":[{"embeddable":true,"href":"https:\/\/interessatb.com.br\/index.php?rest_route=\/wp\/v2\/users\/1"}],"replies":[{"embeddable":true,"href":"https:\/\/interessatb.com.br\/index.php?rest_route=%2Fwp%2Fv2%2Fcomments&post=386"}],"version-history":[{"count":2,"href":"https:\/\/interessatb.com.br\/index.php?rest_route=\/wp\/v2\/posts\/386\/revisions"}],"predecessor-version":[{"id":1204,"href":"https:\/\/interessatb.com.br\/index.php?rest_route=\/wp\/v2\/posts\/386\/revisions\/1204"}],"wp:featuredmedia":[{"embeddable":true,"href":"https:\/\/interessatb.com.br\/index.php?rest_route=\/wp\/v2\/media\/1202"}],"wp:attachment":[{"href":"https:\/\/interessatb.com.br\/index.php?rest_route=%2Fwp%2Fv2%2Fmedia&parent=386"}],"wp:term":[{"taxonomy":"category","embeddable":true,"href":"https:\/\/interessatb.com.br\/index.php?rest_route=%2Fwp%2Fv2%2Fcategories&post=386"},{"taxonomy":"post_tag","embeddable":true,"href":"https:\/\/interessatb.com.br\/index.php?rest_route=%2Fwp%2Fv2%2Ftags&post=386"}],"curies":[{"name":"wp","href":"https:\/\/api.w.org\/{rel}","templated":true}]}}