{"id":398,"date":"2021-09-25T23:17:57","date_gmt":"2021-09-26T02:17:57","guid":{"rendered":"https:\/\/interessatb.com.br\/?p=398"},"modified":"2022-08-21T09:12:16","modified_gmt":"2022-08-21T12:12:16","slug":"vestibular-de-primavera-uepg-acontece-neste-domingo-26-durante-todo-o-dia","status":"publish","type":"post","link":"https:\/\/interessatb.com.br\/?p=398","title":{"rendered":"Vestibular de Primavera da UEPG acontece neste domingo 26, durante todo o dia"},"content":{"rendered":"\n<p>Com abertura do local das provas a partir das 8hs desta manh\u00e3 de domingo, acontecer\u00e1 o Vestibular de Primavera da Universidade Estadual do Paran\u00e1 &#8211; UEPG. Este ano a organiza\u00e7\u00e3o definiu o vestibular em 3 etapas: Vocacionada, Conhecimentos Gerais e Reda\u00e7\u00e3o, todas realizadas no mesmo dia. As provas em Tel\u00eamaco Borba ser\u00e3o aplicadas no Col\u00e9gio Estadual Presidente Vargas, rua Guarani, bairro Nossa Senhora do Perp\u00e9tuo Socorro (BNH).<\/p>\n\n\n<div class=\"wp-block-image\">\n<figure class=\"alignleft size-full is-resized\"><img loading=\"lazy\" decoding=\"async\" src=\"http:\/\/interessatb.com.br\/wp-content\/uploads\/2022\/03\/Lapidar1.png\" alt=\"\" class=\"wp-image-974\" width=\"329\" height=\"402\"\/><\/figure>\n<\/div>\n\n\n<p>Exatamente \u00e0s 8hs30min ser\u00e3o fechados os acessos e a previs\u00e3o do in\u00edcio das provas \u00e0s 8hs45min.  A primeira etapa acontece pela manh\u00e3 e ter\u00e1 dura\u00e7\u00e3o de 3 horas. Durante tarde acontecem as outras duas etapas, com  os port\u00f5es abertos \u00e0s 13h30min e fechamento exatamente \u00e0s 14hs. A previs\u00e3o de in\u00edcio das provas da tarde \u00e9 a partir 14hs15min, e ter\u00e1 dura\u00e7\u00e3o de 4 horas.<\/p>\n\n\n\n<p><strong>Veja tamb\u00e9m<\/strong><\/p>\n\n\n\n<p><a href=\"https:\/\/interessatb.com.br\/2021\/09\/16\/o-futuro-e-incerto-para-as-nossas-criancas-e-adolescentes\/\">O futuro \u00e9 incerto para as nossas crian\u00e7as e adolescentes<\/a><\/p>\n\n\n\n<p><a href=\"https:\/\/interessatb.com.br\/2021\/08\/01\/o-empreendedorismo-brasileiro-e-a-educacao\/\">O empreendedorismo brasileiro e a educa\u00e7\u00e3o<\/a><\/p>\n\n\n\n<p><strong>Concorr\u00eancia<\/strong><\/p>\n\n\n\n<p>No total foram ofertadas 725 vagas para 27 cursos, distribu\u00eddos em 44 turmas. A maior concorr\u00eancia foi para o curso de Medicina, com 283,6 candidatos por vaga. J\u00e1 a menor procura foi pelo curso de licenciatura em  Letras &#8211; Portugu\u00eas\/Espanhol ofertado em Ponta Grossa, com 4 candidatos disputando 12 vagas. Destacam-se ainda a procura pelos cursos de Odontologia, Engenharia de Software e Direito, todos com procura acima de 18 candidatos por vaga.<\/p>\n\n\n\n<p><strong>Requisitos para realiza\u00e7\u00e3o das provas<\/strong><\/p>\n\n\n\n<p>Utilizar m\u00e1scara o tempo todo, manter distanciamento social m\u00ednimo de 1,5 metros, haver\u00e1 medi\u00e7\u00e3o da temperatura corporal, utilizar \u00e1lcool em gel fornecido, apresentar documento oficial de identifica\u00e7\u00e3o original com foto, portar caneta azul ou preta, de material transparente.<\/p>\n","protected":false},"excerpt":{"rendered":"<div class=\"mh-excerpt\"><p>Com abertura do local das provas a partir das 8hs desta manh\u00e3 de domingo, acontecer\u00e1 o Vestibular de Primavera da Universidade Estadual do Paran\u00e1 &#8211; <a class=\"mh-excerpt-more\" href=\"https:\/\/interessatb.com.br\/?p=398\" title=\"Vestibular de Primavera da UEPG acontece neste domingo 26, durante todo o dia\">[&#8230;]<\/a><\/p>\n<\/div>","protected":false},"author":1,"featured_media":1126,"comment_status":"closed","ping_status":"closed","sticky":false,"template":"","format":"standard","meta":{"footnotes":""},"categories":[5,14],"tags":[],"class_list":["post-398","post","type-post","status-publish","format-standard","has-post-thumbnail","hentry","category-educacao","category-regiao"],"_links":{"self":[{"href":"https:\/\/interessatb.com.br\/index.php?rest_route=\/wp\/v2\/posts\/398","targetHints":{"allow":["GET"]}}],"collection":[{"href":"https:\/\/interessatb.com.br\/index.php?rest_route=\/wp\/v2\/posts"}],"about":[{"href":"https:\/\/interessatb.com.br\/index.php?rest_route=\/wp\/v2\/types\/post"}],"author":[{"embeddable":true,"href":"https:\/\/interessatb.com.br\/index.php?rest_route=\/wp\/v2\/users\/1"}],"replies":[{"embeddable":true,"href":"https:\/\/interessatb.com.br\/index.php?rest_route=%2Fwp%2Fv2%2Fcomments&post=398"}],"version-history":[{"count":2,"href":"https:\/\/interessatb.com.br\/index.php?rest_route=\/wp\/v2\/posts\/398\/revisions"}],"predecessor-version":[{"id":1156,"href":"https:\/\/interessatb.com.br\/index.php?rest_route=\/wp\/v2\/posts\/398\/revisions\/1156"}],"wp:featuredmedia":[{"embeddable":true,"href":"https:\/\/interessatb.com.br\/index.php?rest_route=\/wp\/v2\/media\/1126"}],"wp:attachment":[{"href":"https:\/\/interessatb.com.br\/index.php?rest_route=%2Fwp%2Fv2%2Fmedia&parent=398"}],"wp:term":[{"taxonomy":"category","embeddable":true,"href":"https:\/\/interessatb.com.br\/index.php?rest_route=%2Fwp%2Fv2%2Fcategories&post=398"},{"taxonomy":"post_tag","embeddable":true,"href":"https:\/\/interessatb.com.br\/index.php?rest_route=%2Fwp%2Fv2%2Ftags&post=398"}],"curies":[{"name":"wp","href":"https:\/\/api.w.org\/{rel}","templated":true}]}}