{"id":40,"date":"2021-07-18T08:13:10","date_gmt":"2021-07-18T11:13:10","guid":{"rendered":"https:\/\/interessatb.com.br\/?p=40"},"modified":"2022-08-21T11:53:55","modified_gmt":"2022-08-21T14:53:55","slug":"governo-federal-prorroga-prazo-para-alistamento-militar","status":"publish","type":"post","link":"https:\/\/interessatb.com.br\/?p=40","title":{"rendered":"Governo Federal prorroga prazo para alistamento militar"},"content":{"rendered":"\n<p>O governo federal prorrogou, at\u00e9 31 de agosto, o prazo para o alistamento militar obrigat\u00f3rio de 2021, em raz\u00e3o das medidas de enfrentamento \u00e0 pandemia de Covid-19.<\/p>\n\n\n\n<p>&nbsp;Normalmente, a apresenta\u00e7\u00e3o obrigat\u00f3ria \u00e9 feita dentro dos primeiros seis meses do ano em que o brasileiro completar 18 anos de idade. Para se alistar, ele deve acessar o site&nbsp;<a href=\"http:\/\/www.alistamento.eb.mil.br\/?fbclid=IwAR1newbLbhZ9pt2JUdiUpHyuW1qgDnZymWB9YgoB4hKby9D94JPLA5s_Edw\" rel=\"noreferrer noopener\" target=\"_blank\">www.alistamento.eb.mil.br<\/a>&nbsp;ou comparecer \u00e0 Junta de Servi\u00e7o Militar de Ortigueira (Av. Brasil, 1149, Centro), de segunda a sexta, das 8h \u00e0s 12h e 13h30 \u00e0s 17h30. No atendimento presencial \u00e9 preciso levar RG, CPF e comprovante de resid\u00eancia.<\/p>\n\n\n\n<p>&nbsp;No caso dos brasileiros naturalizados ou por op\u00e7\u00e3o pela apresenta\u00e7\u00e3o, o alistamento \u00e9 feito dentro do prazo de 30 dias, a contar da data em que receberem o certificado de naturaliza\u00e7\u00e3o ou da assinatura do termo de op\u00e7\u00e3o. De acordo com o decreto n\u00ba 10.731\/2021 publicado em 28 de junho, em 2021 esse prazo fica prorrogado ate 31 de agosto.<\/p>\n\n\n\n<p>&nbsp;Todo brasileiro do sexo masculino deve se alistar no ano em que completar 18 anos. Caso ele perca o prazo, est\u00e1 sujeito a multa e ficar\u00e1 em d\u00e9bito com o Servi\u00e7o Militar. Nesse caso, n\u00e3o poder\u00e1, por exemplo, obter ou renovar passaporte, inscrever-se em concurso p\u00fablico ou ingressar no servi\u00e7o p\u00fablico, seja eletivo ou de nomea\u00e7\u00e3o, obter carteira profissional, assinar contrato ou receber qualquer pr\u00eamio de governos federal, distrital, estaduais ou municipais<\/p>\n","protected":false},"excerpt":{"rendered":"<div class=\"mh-excerpt\"><p>O governo federal prorrogou, at\u00e9 31 de agosto, o prazo para o alistamento militar obrigat\u00f3rio de 2021, em raz\u00e3o das medidas de enfrentamento \u00e0 pandemia <a class=\"mh-excerpt-more\" href=\"https:\/\/interessatb.com.br\/?p=40\" title=\"Governo Federal prorroga prazo para alistamento militar\">[&#8230;]<\/a><\/p>\n<\/div>","protected":false},"author":1,"featured_media":1307,"comment_status":"closed","ping_status":"closed","sticky":false,"template":"","format":"standard","meta":{"footnotes":""},"categories":[16,14],"tags":[],"class_list":["post-40","post","type-post","status-publish","format-standard","has-post-thumbnail","hentry","category-brasil","category-regiao"],"_links":{"self":[{"href":"https:\/\/interessatb.com.br\/index.php?rest_route=\/wp\/v2\/posts\/40","targetHints":{"allow":["GET"]}}],"collection":[{"href":"https:\/\/interessatb.com.br\/index.php?rest_route=\/wp\/v2\/posts"}],"about":[{"href":"https:\/\/interessatb.com.br\/index.php?rest_route=\/wp\/v2\/types\/post"}],"author":[{"embeddable":true,"href":"https:\/\/interessatb.com.br\/index.php?rest_route=\/wp\/v2\/users\/1"}],"replies":[{"embeddable":true,"href":"https:\/\/interessatb.com.br\/index.php?rest_route=%2Fwp%2Fv2%2Fcomments&post=40"}],"version-history":[{"count":1,"href":"https:\/\/interessatb.com.br\/index.php?rest_route=\/wp\/v2\/posts\/40\/revisions"}],"predecessor-version":[{"id":1308,"href":"https:\/\/interessatb.com.br\/index.php?rest_route=\/wp\/v2\/posts\/40\/revisions\/1308"}],"wp:featuredmedia":[{"embeddable":true,"href":"https:\/\/interessatb.com.br\/index.php?rest_route=\/wp\/v2\/media\/1307"}],"wp:attachment":[{"href":"https:\/\/interessatb.com.br\/index.php?rest_route=%2Fwp%2Fv2%2Fmedia&parent=40"}],"wp:term":[{"taxonomy":"category","embeddable":true,"href":"https:\/\/interessatb.com.br\/index.php?rest_route=%2Fwp%2Fv2%2Fcategories&post=40"},{"taxonomy":"post_tag","embeddable":true,"href":"https:\/\/interessatb.com.br\/index.php?rest_route=%2Fwp%2Fv2%2Ftags&post=40"}],"curies":[{"name":"wp","href":"https:\/\/api.w.org\/{rel}","templated":true}]}}