{"id":409,"date":"2021-09-26T16:44:19","date_gmt":"2021-09-26T19:44:19","guid":{"rendered":"https:\/\/interessatb.com.br\/?p=409"},"modified":"2022-08-21T10:11:54","modified_gmt":"2022-08-21T13:11:54","slug":"tecnologia-de-software-uma-opcao-viavel-para-telemaco-borba","status":"publish","type":"post","link":"https:\/\/interessatb.com.br\/?p=409","title":{"rendered":"Tecnologia de software: uma op\u00e7\u00e3o vi\u00e1vel para Tel\u00eamaco Borba"},"content":{"rendered":"<div class=\"wp-block-image is-style-rounded\">\n<figure class=\"alignleft size-full is-resized\"><img loading=\"lazy\" decoding=\"async\" src=\"http:\/\/interessatb.com.br\/wp-content\/uploads\/2021\/09\/Celso-de-Oliveira-Mercury.jpg\" alt=\"\" class=\"wp-image-1195\" width=\"74\" height=\"78\"\/><\/figure>\n<\/div>\n\n\n<p>Celso de Oliveira*<\/p>\n\n\n\n<p>Ainda que localizado no interior do estado e considerado pequeno, com menos de 100 mil habitantes, o munic\u00edpio de Tel\u00eamaco Borba \u00e9 essencialmente urbano. O \u00faltimo censo do IBGE (ainda de 2010) apresentava mais de 22 mil domic\u00edlios urbanos e apenas 579 domic\u00edlios e menos de 1.500 habitantes na zona rural. Em grande parte pelas caracter\u00edsticas de sua constitui\u00e7\u00e3o, que se originou a partir de um povoamento em torno da grande empresa de papel e celulose instalada antes mesmo da exist\u00eancia do povoamento. A zona urbana cresceu confinada dentro de uma \u00e1rea rural reflorestada. Mais de 90% da \u00e1rea do territ\u00f3rio pertence \u00e0 maior ind\u00fastria da regi\u00e3o, o que limita a expans\u00e3o de outras atividades rurais.<\/p>\n\n\n\n<p>Este cen\u00e1rio exp\u00f5e a voca\u00e7\u00e3o do munic\u00edpio, que cresce em torno do plantio de florestas e convers\u00e3o em papel e celulose. Houve uma tentativa, exitosa por v\u00e1rios anos, da cria\u00e7\u00e3o de um distrito industrial com base na ind\u00fastria madeireira. Mas relatos recentes d\u00e3o conta de uma dificuldade na obten\u00e7\u00e3o da mat\u00e9ria-prima, concentrada em poucos fornecedores, que det\u00e9m o controle da oferta, entre outros problemas. Com base nesta realidade, algumas tentativas por parte de lideran\u00e7as locais e poder p\u00fablico, como o incentivo ao turismo, aos pequenos empreendedores, tentam alternativas vi\u00e1veis na busca de diversificar os empreendimentos locais.<\/p>\n\n\n<div class=\"wp-block-image\">\n<figure class=\"alignleft size-full\"><img loading=\"lazy\" decoding=\"async\" width=\"300\" height=\"250\" src=\"http:\/\/interessatb.com.br\/wp-content\/uploads\/2022\/03\/baixa_resolucao_castelo.png\" alt=\"\" class=\"wp-image-987\"\/><\/figure>\n<\/div>\n\n\n<p>Defendo a ideia de um caminho vi\u00e1vel para o munic\u00edpio e que eleve seu PIB, melhore a distribui\u00e7\u00e3o da renda e ofere\u00e7a postos de trabalho mais qualificados e melhor remunerados deve passar pela implanta\u00e7\u00e3o de um <strong>polo tecnol\u00f3gico<\/strong> baseado no desenvolvimento de softwares. Diversos argumentos sustentam esta tese.<\/p>\n\n\n\n<p>O primeiro argumento \u00e9 a aus\u00eancia de competi\u00e7\u00e3o por \u00e1rea rural, evitando o desnecess\u00e1rio conflito com a maior geradora de riquezas para a regi\u00e3o. Empresas de Tecnologia da Informa\u00e7\u00e3o n\u00e3o requerem extensas \u00e1reas de terra, ao contr\u00e1rio podem ser acomodadas tranquilamente na \u00e1rea urbana do munic\u00edpio, e at\u00e9 mesmo com parte de sua produ\u00e7\u00e3o em <em>home office<\/em>.<\/p>\n\n\n\n<p>Outro argumento forte \u00e9 a estrutura educacional p\u00fablica e privada existente em Tel\u00eamaco Borba. A presen\u00e7a de institui\u00e7\u00f5es como o Instituto Federal do Paran\u00e1, de um campus da Universidade Estadual de Ponta Grossa, de uma planta altamente t\u00e9cnica do SENAI, da Faculdade de Tel\u00eamaco Borba, em fase de transi\u00e7\u00e3o para Universidade, os polos de diversas universidades EaD renomadas, al\u00e9m da possibilidade de oferta na \u00e1rea tecnol\u00f3gica dos itiner\u00e1rios para o novo ensino m\u00e9dio, fazem crer que falta apenas articular este vi\u00e9s tecnol\u00f3gico. Sem contar a sinaliza\u00e7\u00e3o do atual governo estadual em estimular o desenvolvimento tecnol\u00f3gico do Paran\u00e1, desde o esfor\u00e7o para conectar <em>startups <\/em>com a ind\u00fastria \u00e0 oferta de fomento para o setor.<\/p>\n\n\n\n<p>N\u00e3o \u00e9 preciso dizer que n\u00e3o mais o futuro, mas o presente tem uma demanda imensa por profissionais qualificados, na \u00e1rea de tecnologia da informa\u00e7\u00e3o e comunica\u00e7\u00e3o. Se perdermos o bonde da hist\u00f3ria, alternativas ser\u00e3o encontradas pelo mercado, tais como a \u201cimporta\u00e7\u00e3o\u201d de t\u00e9cnicos estrangeiros ou mesmo o que j\u00e1 est\u00e1 em curso, com a contrata\u00e7\u00e3o \u00e0 dist\u00e2ncia de equipes internacionais qualificadas via <em>home office<\/em>.<\/p>\n\n\n\n<p><strong>Veja tamb\u00e9m<\/strong><\/p>\n\n\n\n<p><a href=\"https:\/\/interessatb.com.br\/2021\/08\/01\/o-empreendedorismo-brasileiro-e-a-educacao\">O empreendedorismo brasileiro e a educa\u00e7\u00e3o<\/a><\/p>\n\n\n\n<p><a href=\"https:\/\/interessatb.com.br\/2021\/09\/16\/o-futuro-e-incerto-para-as-nossas-criancas-e-adolescentes\/\">O futuro \u00e9 incerto para as nossas crian\u00e7as e adolescentes<\/a><\/p>\n\n\n\n<p>Ent\u00e3o o que precisa ser feito? Defendo que \u00e9 preciso mobilizar as lideran\u00e7as locais, sejam pol\u00edticas, comerciais, educacionais ou de empreendedores para discutir um formato vi\u00e1vel. A estrutura educacional, com poucas adapta\u00e7\u00f5es, poder\u00e1 ofertar cursos at\u00e9 em n\u00edvel de doutorado nesta \u00e1rea. Mas \u00e9 preciso construir uma cadeia produtiva, canais de contato entre <em>startups<\/em> e investidores, criar programas de fomento e utilizar os j\u00e1 existentes. Enfim promover um ambiente, um \u201cecossistema\u201d que respire tecnologia, desde sediar eventos da \u00e1rea a promover capacita\u00e7\u00f5es de empreendedorismo, criar e divulgar uma imagem tecnol\u00f3gica da cidade e buscar parceria com algumas empresas \u00e2ncora.<\/p>\n\n\n\n<p>E n\u00e3o bastam iniciativas isoladas ou amadoras, na base do \u201cvamos tentar\u201d. Encontrar parceiros experientes na \u00e1rea tecnol\u00f3gica, associa\u00e7\u00f5es nacionais, clubes de empreendedores\u2026 enfim, construir um projeto de longo prazo, com etapas, metas, estrat\u00e9gias, gerando os resultados esperados. O benef\u00edcio ser\u00e1 o incremento econ\u00f4mico de qualidade para a Tel\u00eamaco Borba e seus mun\u00edcipes. Este artigo, ainda que singelo, pretende ser o gatilho desta ideia.<\/p>\n\n\n\n<p><em>(*) Celso de Oliveira \u00e9 consultor de pol\u00edticas educacionais municipais. Atuou em programas do Minist\u00e9rio da Educa\u00e7\u00e3o, CEE\/PR, professor do IFPR e na presid\u00eancia da UNDIME-PR. Graduado na \u00e1rea de Tecnologia da Informa\u00e7\u00e3o, desenvolve projetos de plataformas educacionais e de treinamento para empresas.<\/em><\/p>\n","protected":false},"excerpt":{"rendered":"<div class=\"mh-excerpt\"><p>Celso de Oliveira* Ainda que localizado no interior do estado e considerado pequeno, com menos de 100 mil habitantes, o munic\u00edpio de Tel\u00eamaco Borba \u00e9 <a class=\"mh-excerpt-more\" href=\"https:\/\/interessatb.com.br\/?p=409\" title=\"Tecnologia de software: uma op\u00e7\u00e3o vi\u00e1vel para Tel\u00eamaco Borba\">[&#8230;]<\/a><\/p>\n<\/div>","protected":false},"author":1,"featured_media":1194,"comment_status":"closed","ping_status":"closed","sticky":false,"template":"","format":"standard","meta":{"footnotes":""},"categories":[17],"tags":[],"class_list":["post-409","post","type-post","status-publish","format-standard","has-post-thumbnail","hentry","category-colunista-celso-de-oliveira"],"_links":{"self":[{"href":"https:\/\/interessatb.com.br\/index.php?rest_route=\/wp\/v2\/posts\/409","targetHints":{"allow":["GET"]}}],"collection":[{"href":"https:\/\/interessatb.com.br\/index.php?rest_route=\/wp\/v2\/posts"}],"about":[{"href":"https:\/\/interessatb.com.br\/index.php?rest_route=\/wp\/v2\/types\/post"}],"author":[{"embeddable":true,"href":"https:\/\/interessatb.com.br\/index.php?rest_route=\/wp\/v2\/users\/1"}],"replies":[{"embeddable":true,"href":"https:\/\/interessatb.com.br\/index.php?rest_route=%2Fwp%2Fv2%2Fcomments&post=409"}],"version-history":[{"count":2,"href":"https:\/\/interessatb.com.br\/index.php?rest_route=\/wp\/v2\/posts\/409\/revisions"}],"predecessor-version":[{"id":1197,"href":"https:\/\/interessatb.com.br\/index.php?rest_route=\/wp\/v2\/posts\/409\/revisions\/1197"}],"wp:featuredmedia":[{"embeddable":true,"href":"https:\/\/interessatb.com.br\/index.php?rest_route=\/wp\/v2\/media\/1194"}],"wp:attachment":[{"href":"https:\/\/interessatb.com.br\/index.php?rest_route=%2Fwp%2Fv2%2Fmedia&parent=409"}],"wp:term":[{"taxonomy":"category","embeddable":true,"href":"https:\/\/interessatb.com.br\/index.php?rest_route=%2Fwp%2Fv2%2Fcategories&post=409"},{"taxonomy":"post_tag","embeddable":true,"href":"https:\/\/interessatb.com.br\/index.php?rest_route=%2Fwp%2Fv2%2Ftags&post=409"}],"curies":[{"name":"wp","href":"https:\/\/api.w.org\/{rel}","templated":true}]}}