{"id":412,"date":"2021-09-30T08:35:22","date_gmt":"2021-09-30T11:35:22","guid":{"rendered":"https:\/\/interessatb.com.br\/?p=412"},"modified":"2022-08-21T10:08:14","modified_gmt":"2022-08-21T13:08:14","slug":"vacinacao-contra-a-covid-19-chega-a-faixa-etaria-de-16-anos-nesta-quinta-30","status":"publish","type":"post","link":"https:\/\/interessatb.com.br\/?p=412","title":{"rendered":"Vacina\u00e7\u00e3o contra a Covid-19 chega \u00e0 faixa et\u00e1ria de 16 anos nesta quinta, 30"},"content":{"rendered":"\n<p>Em Tel\u00eamaco Borba as pessoas com 16 anos completos poder\u00e3o ser vacinadas contra Covid-19 hoje, 30. A Secretaria Municipal de Sa\u00fade (SMS) disponibilizou vacinas na Unidades B\u00e1sicas de Sa\u00fade (UBS) de refer\u00eancia, das 09 horas \u00e0s 15 horas, enquanto existirem doses dispon\u00edveis.<\/p>\n\n\n<div class=\"wp-block-image\">\n<figure class=\"alignleft size-full\"><img loading=\"lazy\" decoding=\"async\" width=\"439\" height=\"536\" src=\"http:\/\/interessatb.com.br\/wp-content\/uploads\/2022\/03\/Lapidar1.png\" alt=\"\" class=\"wp-image-974\"\/><\/figure>\n<\/div>\n\n\n<p>\u00c9 obrigat\u00f3ria a presen\u00e7a dos respons\u00e1veis acompanhando o adolescente no momento da vacina\u00e7\u00e3o. Por se tratar de adolescentes, a Secretaria Municipal de Sa\u00fade exigir\u00e1 a autoriza\u00e7\u00e3o dos pais ou respons\u00e1veis por escrito, atrav\u00e9s do termo de consentimento que ser\u00e1 apresentado na hora da vacina\u00e7\u00e3o.<\/p>\n\n\n\n<p><strong>Veja tamb\u00e9m<\/strong><\/p>\n\n\n\n<p><a href=\"https:\/\/interessatb.com.br\/2021\/08\/08\/telemaco-borba-apresenta-pela-primeira-vez-mais-recuperados-da-covid-19-que-o-numero-de-casos-registrados-este-ano\/\">Tel\u00eamaco Borba apresenta pela primeira vez mais recuperados da COVID-19 que o n\u00famero de casos registrados este ano<\/a><\/p>\n\n\n\n<p><a href=\"https:\/\/interessatb.com.br\/2021\/09\/26\/tecnologia-de-software-uma-opcao-viavel-para-telemaco-borba\/\">Tecnologia de software: uma op\u00e7\u00e3o vi\u00e1vel para Tel\u00eamaco Borba<\/a><\/p>\n\n\n\n<p>A Secretaria de Sa\u00fade lembra que al\u00e9m da presen\u00e7a dos pais ou respons\u00e1vel, \u00e9 obrigat\u00f3rio apresentar documento pessoal com foto, CPF e cart\u00e3o SUS. Caso n\u00e3o tragam esses documentos a dose n\u00e3o poder\u00e1 ser aplicada. Se poss\u00edvel levar ainda o cart\u00e3o de vacina\u00e7\u00e3o.<\/p>\n","protected":false},"excerpt":{"rendered":"<div class=\"mh-excerpt\"><p>Em Tel\u00eamaco Borba as pessoas com 16 anos completos poder\u00e3o ser vacinadas contra Covid-19 hoje, 30. A Secretaria Municipal de Sa\u00fade (SMS) disponibilizou vacinas na <a class=\"mh-excerpt-more\" href=\"https:\/\/interessatb.com.br\/?p=412\" title=\"Vacina\u00e7\u00e3o contra a Covid-19 chega \u00e0 faixa et\u00e1ria de 16 anos nesta quinta, 30\">[&#8230;]<\/a><\/p>\n<\/div>","protected":false},"author":1,"featured_media":1191,"comment_status":"closed","ping_status":"closed","sticky":false,"template":"","format":"standard","meta":{"footnotes":""},"categories":[2,15],"tags":[],"class_list":["post-412","post","type-post","status-publish","format-standard","has-post-thumbnail","hentry","category-cidade","category-saude"],"_links":{"self":[{"href":"https:\/\/interessatb.com.br\/index.php?rest_route=\/wp\/v2\/posts\/412","targetHints":{"allow":["GET"]}}],"collection":[{"href":"https:\/\/interessatb.com.br\/index.php?rest_route=\/wp\/v2\/posts"}],"about":[{"href":"https:\/\/interessatb.com.br\/index.php?rest_route=\/wp\/v2\/types\/post"}],"author":[{"embeddable":true,"href":"https:\/\/interessatb.com.br\/index.php?rest_route=\/wp\/v2\/users\/1"}],"replies":[{"embeddable":true,"href":"https:\/\/interessatb.com.br\/index.php?rest_route=%2Fwp%2Fv2%2Fcomments&post=412"}],"version-history":[{"count":2,"href":"https:\/\/interessatb.com.br\/index.php?rest_route=\/wp\/v2\/posts\/412\/revisions"}],"predecessor-version":[{"id":1193,"href":"https:\/\/interessatb.com.br\/index.php?rest_route=\/wp\/v2\/posts\/412\/revisions\/1193"}],"wp:featuredmedia":[{"embeddable":true,"href":"https:\/\/interessatb.com.br\/index.php?rest_route=\/wp\/v2\/media\/1191"}],"wp:attachment":[{"href":"https:\/\/interessatb.com.br\/index.php?rest_route=%2Fwp%2Fv2%2Fmedia&parent=412"}],"wp:term":[{"taxonomy":"category","embeddable":true,"href":"https:\/\/interessatb.com.br\/index.php?rest_route=%2Fwp%2Fv2%2Fcategories&post=412"},{"taxonomy":"post_tag","embeddable":true,"href":"https:\/\/interessatb.com.br\/index.php?rest_route=%2Fwp%2Fv2%2Ftags&post=412"}],"curies":[{"name":"wp","href":"https:\/\/api.w.org\/{rel}","templated":true}]}}