{"id":442,"date":"2021-10-08T20:39:30","date_gmt":"2021-10-08T23:39:30","guid":{"rendered":"https:\/\/interessatb.com.br\/?p=442"},"modified":"2022-08-21T09:54:28","modified_gmt":"2022-08-21T12:54:28","slug":"comite-territorial-vale-do-tibagi-reune-o-eixo-de-educacao-empreendedora-em-telemaco-borba","status":"publish","type":"post","link":"https:\/\/interessatb.com.br\/?p=442","title":{"rendered":"Comit\u00ea Territorial Vale do Tibagi re\u00fane o eixo de Educa\u00e7\u00e3o Empreendedora em Tel\u00eamaco Borba"},"content":{"rendered":"\n<p>Na manh\u00e3 desta sexta-feira, 08, o eixo de Educa\u00e7\u00e3o Empreendedora do Comit\u00ea Territorial Vale do Tibagi se reuniu na sala de conven\u00e7\u00f5es Conecta, da Faculdade de Tel\u00eamaco Borba (FATEB). Em pauta as a\u00e7\u00f5es para fortalecer o empreendedorismo por meio da educa\u00e7\u00e3o, com projetos em parceria com escolas da rede p\u00fablica e privada.<\/p>\n\n\n\n<p>Institui\u00e7\u00f5es como a FATEB e o SEBRAE apresentaram relatos exitosos de projetos desenvolvidos com alunos da educa\u00e7\u00e3o b\u00e1sica e superior. Foram apresentados relatos gravados de professores, alunos e pais, confirmando o desenvolvimento na aprendizagem que as a\u00e7\u00f5es proporcionaram aos alunos.<\/p>\n\n\n<div class=\"wp-block-image\">\n<figure class=\"alignleft size-full is-resized\"><img loading=\"lazy\" decoding=\"async\" src=\"http:\/\/interessatb.com.br\/wp-content\/uploads\/2021\/10\/Karisma-campanha-outubro-rosa.png\" alt=\"\" class=\"wp-image-1177\" width=\"270\" height=\"270\"\/><\/figure>\n<\/div>\n\n\n<p>Conforme manifesta\u00e7\u00e3o da presidente do Comit\u00ea Territorial Vale do Tibagi, Ericleia Dlugosz, o momento \u00e9 de fortalecimento do Comit\u00ea, que visa desenvolver o ambiente de neg\u00f3cios na regi\u00e3o. Para isso diversas a\u00e7\u00f5es est\u00e3o em andamento.<\/p>\n\n\n\n<p>O eixo que trata da Educa\u00e7\u00e3o Empreendedora assumiu o compromisso de visitas t\u00e9cnicas aos secret\u00e1rios e prefeitos da regi\u00e3o apresentando sua proposta de trabalho. Segundo Camilo Campos, que coordena o eixo Educa\u00e7\u00e3o Empreendedora, esta a\u00e7\u00e3o deve acontecer j\u00e1 nos pr\u00f3ximos dias.<\/p>\n\n\n\n<p>Estiveram presentes secret\u00e1rios de educa\u00e7\u00e3o, equipes pedag\u00f3gicas das secretarias, representantes dos munic\u00edpios que comp\u00f5em o Comit\u00ea, a equipe t\u00e9cnica do SEBRAE que orientou a reuni\u00e3o, al\u00e9m da presen\u00e7a da presidente da ACITEL, a empres\u00e1ria Sonia Maria Ribeiro. <\/p>\n\n\n\n<p><strong>Veja tamb\u00e9m<\/strong><\/p>\n\n\n\n<p><a href=\"https:\/\/interessatb.com.br\/2021\/10\/06\/agencias-de-desenvolvimento-para-alinhar-politicas-de-ciencia-tecnologia-e-inovacao-sao-criadas-pelo-governo-estadual\/\">Governo estadual divulga programa para desenvolvimento de neg\u00f3cios baseados em Ci\u00eancia, Tecnologia e Inova\u00e7\u00e3o<\/a><\/p>\n\n\n\n<p><a href=\"https:\/\/interessatb.com.br\/2021\/09\/16\/cursos-gratuitos-para-o-setor-turistico-e-ofertado-pelo-municipio-de-ortigueira\/\">Cursos gratuitos para o setor tur\u00edstico s\u00e3o ofertado pelo munic\u00edpio de Ortigueira<\/a><\/p>\n\n\n\n<p>Com o incentivo para a cria\u00e7\u00e3o de comit\u00eas por todo o estado, o SEBRAE busca fortalecer o ambiente de neg\u00f3cios com a\u00e7\u00f5es estruturantes no Paran\u00e1. O Comit\u00ea Territorial Vale do Tibagi \u00e9 composto por integrantes do setor p\u00fablico e privado, produtores rurais e associa\u00e7\u00f5es comerciais do territ\u00f3rio, composto pelos munic\u00edpios de Arapoti, Curi\u00fava, Imba\u00fa, Iva\u00ed, Reserva, Ortigueira, Tibagi, Tel\u00eamaco Borba e Ventania. As a\u00e7\u00f5es s\u00e3o focadas no turismo, agricultura familiar e educa\u00e7\u00e3o empreendedora.<\/p>\n\n\n\n<p>Um momento da reuni\u00e3o foi reservado para a exposi\u00e7\u00e3o do projeto do polo tecnol\u00f3gico, em fase inicial, que tem como proposta de desenvolver um ambiente empreendedor para tecnologia de software em Tel\u00eamaco Borba e regi\u00e3o. A ideia \u00e9 construir uma governan\u00e7a entre empres\u00e1rios, institui\u00e7\u00f5es de ensino, institui\u00e7\u00f5es p\u00fablicas e privadas, de fomento e profissionais da \u00e1rea de software para o desenvolvimento regional de neg\u00f3cios de tecnologia da informa\u00e7\u00e3o.<\/p>\n\n\n\n<figure class=\"wp-block-gallery has-nested-images columns-default is-cropped wp-block-gallery-1 is-layout-flex wp-block-gallery-is-layout-flex\">\n<figure class=\"wp-block-image size-large\"><img loading=\"lazy\" decoding=\"async\" width=\"4128\" height=\"3096\" data-id=\"1178\" src=\"http:\/\/interessatb.com.br\/wp-content\/uploads\/2021\/10\/20211008_093754.jpg\" alt=\"\" class=\"wp-image-1178\"\/><\/figure>\n\n\n\n<figure class=\"wp-block-image size-large\"><img loading=\"lazy\" decoding=\"async\" width=\"1600\" height=\"900\" data-id=\"1179\" src=\"http:\/\/interessatb.com.br\/wp-content\/uploads\/2021\/10\/2021_10_08-Apresentacao-para-Comite-Vale-do-Tibagi.jpg\" alt=\"\" class=\"wp-image-1179\"\/><\/figure>\n\n\n\n<figure class=\"wp-block-image size-large\"><img loading=\"lazy\" decoding=\"async\" width=\"4128\" height=\"3096\" data-id=\"1180\" src=\"http:\/\/interessatb.com.br\/wp-content\/uploads\/2021\/10\/20211008_120530.jpg\" alt=\"\" class=\"wp-image-1180\"\/><\/figure>\n<figcaption class=\"blocks-gallery-caption\"> . Momentos da reuni\u00e3o.<\/figcaption><\/figure>\n","protected":false},"excerpt":{"rendered":"<div class=\"mh-excerpt\"><p>Na manh\u00e3 desta sexta-feira, 08, o eixo de Educa\u00e7\u00e3o Empreendedora do Comit\u00ea Territorial Vale do Tibagi se reuniu na sala de conven\u00e7\u00f5es Conecta, da Faculdade <a class=\"mh-excerpt-more\" href=\"https:\/\/interessatb.com.br\/?p=442\" title=\"Comit\u00ea Territorial Vale do Tibagi re\u00fane o eixo de Educa\u00e7\u00e3o Empreendedora em Tel\u00eamaco Borba\">[&#8230;]<\/a><\/p>\n<\/div>","protected":false},"author":1,"featured_media":1175,"comment_status":"closed","ping_status":"closed","sticky":false,"template":"","format":"standard","meta":{"footnotes":""},"categories":[5,20,14],"tags":[],"class_list":["post-442","post","type-post","status-publish","format-standard","has-post-thumbnail","hentry","category-educacao","category-industria-e-comercio","category-regiao"],"_links":{"self":[{"href":"https:\/\/interessatb.com.br\/index.php?rest_route=\/wp\/v2\/posts\/442","targetHints":{"allow":["GET"]}}],"collection":[{"href":"https:\/\/interessatb.com.br\/index.php?rest_route=\/wp\/v2\/posts"}],"about":[{"href":"https:\/\/interessatb.com.br\/index.php?rest_route=\/wp\/v2\/types\/post"}],"author":[{"embeddable":true,"href":"https:\/\/interessatb.com.br\/index.php?rest_route=\/wp\/v2\/users\/1"}],"replies":[{"embeddable":true,"href":"https:\/\/interessatb.com.br\/index.php?rest_route=%2Fwp%2Fv2%2Fcomments&post=442"}],"version-history":[{"count":2,"href":"https:\/\/interessatb.com.br\/index.php?rest_route=\/wp\/v2\/posts\/442\/revisions"}],"predecessor-version":[{"id":1181,"href":"https:\/\/interessatb.com.br\/index.php?rest_route=\/wp\/v2\/posts\/442\/revisions\/1181"}],"wp:featuredmedia":[{"embeddable":true,"href":"https:\/\/interessatb.com.br\/index.php?rest_route=\/wp\/v2\/media\/1175"}],"wp:attachment":[{"href":"https:\/\/interessatb.com.br\/index.php?rest_route=%2Fwp%2Fv2%2Fmedia&parent=442"}],"wp:term":[{"taxonomy":"category","embeddable":true,"href":"https:\/\/interessatb.com.br\/index.php?rest_route=%2Fwp%2Fv2%2Fcategories&post=442"},{"taxonomy":"post_tag","embeddable":true,"href":"https:\/\/interessatb.com.br\/index.php?rest_route=%2Fwp%2Fv2%2Ftags&post=442"}],"curies":[{"name":"wp","href":"https:\/\/api.w.org\/{rel}","templated":true}]}}