{"id":459,"date":"2021-10-16T07:25:38","date_gmt":"2021-10-16T10:25:38","guid":{"rendered":"https:\/\/interessatb.com.br\/?p=459"},"modified":"2022-08-21T09:40:21","modified_gmt":"2022-08-21T12:40:21","slug":"a-carga-toxica-das-magoas-e-dos-melindres","status":"publish","type":"post","link":"https:\/\/interessatb.com.br\/?p=459","title":{"rendered":"A carga t\u00f3xica das m\u00e1goas e dos melindres"},"content":{"rendered":"<div class=\"wp-block-image is-style-rounded\">\n<figure class=\"alignleft size-full is-resized\"><img loading=\"lazy\" decoding=\"async\" src=\"http:\/\/interessatb.com.br\/wp-content\/uploads\/2022\/03\/Jacir-J-Venturi-Mercury.jpg\" alt=\"\" class=\"wp-image-971\" width=\"64\" height=\"70\"\/><\/figure>\n<\/div>\n\n\n<p><\/p>\n\n\n\n<p>Jacir Venturi*<\/p>\n\n\n\n<p>M\u00e1goa \u00e9 veneno que eu tomo sozinho e espero que o efeito recaia sobre quem me magoou. \u00c9 uma esp\u00e9cie de alforje, pois somente a mim cabe carregar. Portanto, sou o \u00fanico que perco com essa carga t\u00f3xica e pe\u00e7onhenta que infelicita e desencadeia doen\u00e7as. Normalmente, meu detrator n\u00e3o est\u00e1 nem a\u00ed para o meu sentimento, tampouco os outros. Bem ensina um velho cacique ind\u00edgena: &#8220;os maiores inimigos do homem est\u00e3o dentro do pr\u00f3prio homem: s\u00e3o os ressentimentos&#8221;.<\/p>\n\n\n\n<p>Numa escala pr\u00f3xima est\u00e3o os melindres e, ao atingir a vida adulta, toda pessoa deveria adotar como lema: \u201cperdi o direito de ser melindroso, sob pena de me tornar um velho ranheta\u201d. O fil\u00f3sofo norte-americano Ralph Waldo Emerson bem o disse, em uma tradu\u00e7\u00e3o livre: ponha de lado os melindres ao agir, pois a vida \u00e9 uma experi\u00eancia. N\u00e3o posso me quedar a um vitimismo que s\u00f3 me afasta das pessoas. Algu\u00e9m estaria interessado na minha autoestima? Tirante alguns poucos familiares ou amigos, ningu\u00e9m.<\/p>\n\n\n<div class=\"wp-block-image\">\n<figure class=\"alignleft size-full is-resized\"><img loading=\"lazy\" decoding=\"async\" src=\"http:\/\/interessatb.com.br\/wp-content\/uploads\/2022\/03\/Lapidar1.png\" alt=\"\" class=\"wp-image-974\" width=\"329\" height=\"402\"\/><\/figure>\n<\/div>\n\n\n<p>Uma autoestima elevada cabe a mim, podendo ser desenvolvida de maneira duradoura e genu\u00edna pela pr\u00e1tica do bem, pelo prazer de ser \u00fatil, pela alegria do dever cumprido e pelo cultivo da nobre arte de perdoar. S\u00e3o atitudes que fazem com que eu compartilhe uma energia positiva muito forte, mantendo-me entusiasta e n\u00e3o me apequenando diante das vicissitudes da vida nem dos sentimentos vis. A prop\u00f3sito, entusiasmo \u00e9 uma das palavras mais belas do nosso l\u00e9xico, e tem etimologia no grego: en-theo, em que en significa \u201cdentro\u201d e theo significa \u201cdeus\u201d. Ou seja, para os gregos polite\u00edstas, quem tem entusiasmo tem um deus dentro de si, e cabe a mim carregar essa chama esplendorosa do entusiasmo<\/p>\n\n\n\n<p>E intercalando-se no delet\u00e9rio papel de causa e de efeito das m\u00e1goas e dos melindres, v\u00e1rias pesquisas apontam a maledic\u00eancia como a origem primeira de hostilidades e desgostos. A sabedoria popular ensina que &#8220;a l\u00edngua \u00e9 o chicote do corpo&#8221;, ou, no Talmude (livro sagrado dos judeus, que reverbera h\u00e1 s\u00e9culos), com a frase a &#8220;palavra dita \u00e9 como abelha, pois tem mel e tem ferr\u00e3o&#8221;.<\/p>\n\n\n\n<p>Ainda mais incisiva \u00e9 a nossa estimada jornalista Marleth Silva, mestre pela Universidade de Westminster, que assim se manifestou em um artigo nos idos de 2013: \u201cTenho c\u00e1 para mim que 90% do que falamos e do que ouvimos \u00e9 dispens\u00e1vel. Se n\u00e3o dito, n\u00e3o faria falta. Talvez at\u00e9 fic\u00e1ssemos melhor. N\u00e3o me refiro s\u00f3 \u00e0s maldades e fofocas que t\u00eam poder de incomodar. A maioria de n\u00f3s n\u00e3o \u00e9 assim t\u00e3o fofoqueiro, nem t\u00e3o maldoso. Nosso mal \u00e9 falar coisas desnecess\u00e1rias; \u00e9 dizer inutilidades. Acredito at\u00e9 que a fofoca maldosa nasce mais da vontade de falar qualquer coisa que do desejo de ferir. A maioria dos fofoqueiros s\u00e3o inconsequentes, bobos. S\u00f3 isso, bobos\u201d.<\/p>\n\n\n\n<p><strong>Veja tamb\u00e9m<\/strong><\/p>\n\n\n\n<p><a href=\"https:\/\/interessatb.com.br\/2021\/08\/18\/uma-bela-historia-e-o-livre-arbitrio%e2%80%af\/\">Uma bela hist\u00f3ria e o livre arb\u00edtrio<\/a><\/p>\n\n\n\n<p><a href=\"https:\/\/interessatb.com.br\/2021\/09\/26\/tecnologia-de-software-uma-opcao-viavel-para-telemaco-borba\/\">Tecnologia de software: uma op\u00e7\u00e3o vi\u00e1vel para Tel\u00eamaco Borba<\/a><\/p>\n\n\n\n<p>Em tempos de profus\u00e3o das m\u00eddias sociais que deram azo e voz a uma legi\u00e3o de ativistas que tudo sabe e tudo julga, \u00e9 pertinente e consent\u00e2nea uma narrativa aleg\u00f3rica da sabedoria oriental. Antes de levar adiante uma maledic\u00eancia com potencial destrutivo, devo passar pelo crivo das duas peneiras: 1) a peneira da verdade: se eu apenas ouvi falar, qual a certeza de ser confi\u00e1vel? E n\u00e3o sendo verdade, h\u00e1 dois tipos de danos: a mim mesmo, que passo por leviano, fofoqueiro, intrigueiro, e ao outro, pois compromete a credibilidade de todo um conjunto de boas obras e afeta a reputa\u00e7\u00e3o t\u00e3o duramente conquistada por anos de trabalho; 2) a peneira da bondade: o que eu estou contando, gostaria que os outros dissessem o mesmo a meu respeito? Quem vai se beneficiar dessa informa\u00e7\u00e3o? Todo ser humano comete erros, e ter complac\u00eancia \u00e9 uma atitude nobre e humana.<\/p>\n\n\n\n<p>A m\u00e1goa indica uma alma ferida, e uma boa analogia \u00e9 relembrar como nasce uma p\u00e9rola. A indesejada impureza se adentra \u00e0 concha, e diante dessa agress\u00e3o a ostra tem a natureza, tem a sabedoria de converter o infort\u00fanio em uma encantadora p\u00e9rola. \u00c9 uma transforma\u00e7\u00e3o t\u00e3o ou mais dif\u00edcil que sublimar a m\u00e1goa com o perd\u00e3o, que produz leveza interior. As maiores destruidoras de afetos n\u00e3o s\u00e3o as diverg\u00eancias, mesmo quando descambam para momentos de raiva, mas as m\u00e1goas. Parafraseando o ap\u00f3stolo S\u00e3o Paulo: que n\u00e3o se ponha o Sol sobre o vosso ressentimento.<\/p>\n\n\n\n<p>(*) <em>Jacir J. Venturi, autor de 3 livros, engenheiro e matem\u00e1tico, \u00e9 vice-presidente do Conselho estadual de Educa\u00e7\u00e3o do Paran\u00e1 e foi professor e diretor de escolas por 50 anos.<\/em><\/p>\n","protected":false},"excerpt":{"rendered":"<div class=\"mh-excerpt\"><p>Jacir Venturi* M\u00e1goa \u00e9 veneno que eu tomo sozinho e espero que o efeito recaia sobre quem me magoou. \u00c9 uma esp\u00e9cie de alforje, pois <a class=\"mh-excerpt-more\" href=\"https:\/\/interessatb.com.br\/?p=459\" title=\"A carga t\u00f3xica das m\u00e1goas e dos melindres\">[&#8230;]<\/a><\/p>\n<\/div>","protected":false},"author":1,"featured_media":1172,"comment_status":"closed","ping_status":"closed","sticky":false,"template":"","format":"standard","meta":{"footnotes":""},"categories":[3,9],"tags":[],"class_list":["post-459","post","type-post","status-publish","format-standard","has-post-thumbnail","hentry","category-colunistas","category-colunista-jacir-venturi"],"_links":{"self":[{"href":"https:\/\/interessatb.com.br\/index.php?rest_route=\/wp\/v2\/posts\/459","targetHints":{"allow":["GET"]}}],"collection":[{"href":"https:\/\/interessatb.com.br\/index.php?rest_route=\/wp\/v2\/posts"}],"about":[{"href":"https:\/\/interessatb.com.br\/index.php?rest_route=\/wp\/v2\/types\/post"}],"author":[{"embeddable":true,"href":"https:\/\/interessatb.com.br\/index.php?rest_route=\/wp\/v2\/users\/1"}],"replies":[{"embeddable":true,"href":"https:\/\/interessatb.com.br\/index.php?rest_route=%2Fwp%2Fv2%2Fcomments&post=459"}],"version-history":[{"count":2,"href":"https:\/\/interessatb.com.br\/index.php?rest_route=\/wp\/v2\/posts\/459\/revisions"}],"predecessor-version":[{"id":1174,"href":"https:\/\/interessatb.com.br\/index.php?rest_route=\/wp\/v2\/posts\/459\/revisions\/1174"}],"wp:featuredmedia":[{"embeddable":true,"href":"https:\/\/interessatb.com.br\/index.php?rest_route=\/wp\/v2\/media\/1172"}],"wp:attachment":[{"href":"https:\/\/interessatb.com.br\/index.php?rest_route=%2Fwp%2Fv2%2Fmedia&parent=459"}],"wp:term":[{"taxonomy":"category","embeddable":true,"href":"https:\/\/interessatb.com.br\/index.php?rest_route=%2Fwp%2Fv2%2Fcategories&post=459"},{"taxonomy":"post_tag","embeddable":true,"href":"https:\/\/interessatb.com.br\/index.php?rest_route=%2Fwp%2Fv2%2Ftags&post=459"}],"curies":[{"name":"wp","href":"https:\/\/api.w.org\/{rel}","templated":true}]}}