{"id":48,"date":"2021-07-18T08:37:50","date_gmt":"2021-07-18T11:37:50","guid":{"rendered":"https:\/\/interessatb.com.br\/?p=48"},"modified":"2022-08-21T11:52:28","modified_gmt":"2022-08-21T14:52:28","slug":"novo-ensino-medio-comeca-a-ser-implementado-gradualmente-a-partir-de-2022-informa-o-ministerio-da-educacao","status":"publish","type":"post","link":"https:\/\/interessatb.com.br\/?p=48","title":{"rendered":"Novo Ensino M\u00e9dio come\u00e7a a ser implementado gradualmente a partir de 2022, informa o Minist\u00e9rio da Educa\u00e7\u00e3o"},"content":{"rendered":"\n<p><br>O cronograma foi divulgado pelo Minist\u00e9rio da Educa\u00e7\u00e3o que vai apoiar as a\u00e7\u00f5es das secretarias de educa\u00e7\u00e3o<\/p>\n\n\n\n<p>Com carga hor\u00e1ria maior e diferentes possibilidades de forma\u00e7\u00e3o, o&nbsp;Novo Ensino M\u00e9dio&nbsp;come\u00e7a a ser implementado nas&nbsp;escolas p\u00fablicas e privadas do pa\u00eds a partir de 2022.&nbsp;As a\u00e7\u00f5es e o cronograma nacional para a implementa\u00e7\u00e3o do Novo Ensino M\u00e9dio foram divulgados nesta quarta-feira (14) pelo Minist\u00e9rio da Educa\u00e7\u00e3o. A portaria com as orienta\u00e7\u00f5es est\u00e1 publicada no&nbsp;<a href=\"https:\/\/www.in.gov.br\/en\/web\/dou\/-\/portaria-n-521-de-13-de-julho-de-2021-331876769\" target=\"_blank\" rel=\"noreferrer noopener\">Di\u00e1rio Oficial da Uni\u00e3o<\/a>.<\/p>\n\n\n\n<p>A implementa\u00e7\u00e3o do Novo Ensino M\u00e9dio ser\u00e1 iniciada no ano que vem de forma progressiva com as 1\u00aa s\u00e9ries do Ensino M\u00e9dio. Em 2023 com as 1\u00aa e 2\u00aa s\u00e9ries e completando o ciclo de implementa\u00e7\u00e3o nas tr\u00eas s\u00e9ries do ensino m\u00e9dio em 2024.<\/p>\n\n\n\n<p>Esse modelo traz uma&nbsp;nova organiza\u00e7\u00e3o curricular e a amplia\u00e7\u00e3o da carga hor\u00e1ria m\u00ednima&nbsp;das atuais 800 horas para 1.000 horas anuais. Contempla as aprendizagens essenciais e comuns a todos os jovens e a oferta de diferentes possibilidades de escolha aos estudantes a partir dos itiner\u00e1rios formativos incluindo a forma\u00e7\u00e3o t\u00e9cnica e profissional de forma a aprofundar conhecimentos e ajudar na inser\u00e7\u00e3o dos jovens no mercado de trabalho.<\/p>\n\n\n\n<p>\u201cEduca\u00e7\u00e3o \u00e9 sempre m\u00e9dio e longo prazo, nada curto prazo, ent\u00e3o, o que estamos fazendo aqui vai refletir l\u00e1 na frente\u201d, disse o ministro da Educa\u00e7\u00e3o, Milton Ribeiro. \u201cPrecisamos dar uma resposta aos nossos jovens do presente para o futuro. O que fizemos agora vai refletir l\u00e1 no futuro\u201d, afirmou.<\/p>\n\n\n\n<p>O minist\u00e9rio tem ofertado apoio t\u00e9cnico e financeiro \u00e0s secretarias de educa\u00e7\u00e3o&nbsp;para a elabora\u00e7\u00e3o dos referencias curriculares alinhados ao Novo Ensino M\u00e9dio. \u201cInvestimos nesse projeto novo mais de R$ 70 milh\u00f5es nas secretarias de educa\u00e7\u00e3o para readequa\u00e7\u00e3o de seus referencias curriculares e para forma\u00e7\u00e3o dos profissionais de educa\u00e7\u00e3o. J\u00e1 mandamos isso no \u00e2mbito do programa de apoio do Novo Ensino M\u00e9dio. Promovemos o repasse a mais de 4 mil escolas piloto, totalizando R$ 360 milh\u00f5es em apoio financeiro\u201d, detalhou Milton Ribeiro.<\/p>\n\n\n\n<p>A Lei n\u00ba 13.415\/2017 alterou a Lei de Diretrizes e Bases da Educa\u00e7\u00e3o Nacional e estabeleceu uma mudan\u00e7a na estrutura do ensino m\u00e9dio.<\/p>\n\n\n\n<h3 class=\"wp-block-heading\">Conte\u00fados<\/h3>\n\n\n\n<p>O Novo Ensino M\u00e9dio poder\u00e1 ofertar at\u00e9 cinco itiner\u00e1rios formativos que possibilitar\u00e3o que o estudante a escolher em qual \u00e1rea quer aprofundar seus conhecimentos ao longo do ensino m\u00e9dio. Eles podem variar conforme o contexto no qual a escola est\u00e1 inserida e de acordo com as necessidades e interesses dos estudantes. As redes de ensino ter\u00e3o autonomia para definir os itiner\u00e1rios ofertados.<\/p>\n\n\n\n<p>Os itiner\u00e1rios s\u00e3o: linguagens e suas tecnologias, matem\u00e1tica e suas tecnologias, ci\u00eancias da natureza e suas tecnologias, ci\u00eancias humanas e sociais aplicadas e forma\u00e7\u00e3o t\u00e9cnica e profissional.<\/p>\n\n\n\n<p>A portaria traz o cronograma referente aos materiais e recursos did\u00e1ticos para o Novo Ensino M\u00e9dio:<\/p>\n\n\n\n<p>1) No ano de 2021: escolha e distribui\u00e7\u00e3o das obras, projeto integradores e projetos de vida;<br>2) No ano de 2022: escolha e distribui\u00e7\u00e3o, por \u00e1rea de conhecimento, das obras de forma\u00e7\u00e3o continuada e dos recursos educacionais digitais;<br>3) No ano de 2023: escolha e distribui\u00e7\u00e3o das obras liter\u00e1rias; e<br>4) No ano de 2024: escolha e distribui\u00e7\u00e3o dos materiais e recursos did\u00e1ticos para os itiner\u00e1rios formativos.<\/p>\n\n\n\n<p><em>Assessoria de Comunica\u00e7\u00e3o Social do MEC com informa\u00e7\u00f5es da SEB<\/em><\/p>\n","protected":false},"excerpt":{"rendered":"<div class=\"mh-excerpt\"><p>O cronograma foi divulgado pelo Minist\u00e9rio da Educa\u00e7\u00e3o que vai apoiar as a\u00e7\u00f5es das secretarias de educa\u00e7\u00e3o Com carga hor\u00e1ria maior e diferentes possibilidades de <a class=\"mh-excerpt-more\" href=\"https:\/\/interessatb.com.br\/?p=48\" title=\"Novo Ensino M\u00e9dio come\u00e7a a ser implementado gradualmente a partir de 2022, informa o Minist\u00e9rio da Educa\u00e7\u00e3o\">[&#8230;]<\/a><\/p>\n<\/div>","protected":false},"author":1,"featured_media":1303,"comment_status":"closed","ping_status":"closed","sticky":false,"template":"","format":"standard","meta":{"footnotes":""},"categories":[16,5],"tags":[],"class_list":["post-48","post","type-post","status-publish","format-standard","has-post-thumbnail","hentry","category-brasil","category-educacao"],"_links":{"self":[{"href":"https:\/\/interessatb.com.br\/index.php?rest_route=\/wp\/v2\/posts\/48","targetHints":{"allow":["GET"]}}],"collection":[{"href":"https:\/\/interessatb.com.br\/index.php?rest_route=\/wp\/v2\/posts"}],"about":[{"href":"https:\/\/interessatb.com.br\/index.php?rest_route=\/wp\/v2\/types\/post"}],"author":[{"embeddable":true,"href":"https:\/\/interessatb.com.br\/index.php?rest_route=\/wp\/v2\/users\/1"}],"replies":[{"embeddable":true,"href":"https:\/\/interessatb.com.br\/index.php?rest_route=%2Fwp%2Fv2%2Fcomments&post=48"}],"version-history":[{"count":1,"href":"https:\/\/interessatb.com.br\/index.php?rest_route=\/wp\/v2\/posts\/48\/revisions"}],"predecessor-version":[{"id":1304,"href":"https:\/\/interessatb.com.br\/index.php?rest_route=\/wp\/v2\/posts\/48\/revisions\/1304"}],"wp:featuredmedia":[{"embeddable":true,"href":"https:\/\/interessatb.com.br\/index.php?rest_route=\/wp\/v2\/media\/1303"}],"wp:attachment":[{"href":"https:\/\/interessatb.com.br\/index.php?rest_route=%2Fwp%2Fv2%2Fmedia&parent=48"}],"wp:term":[{"taxonomy":"category","embeddable":true,"href":"https:\/\/interessatb.com.br\/index.php?rest_route=%2Fwp%2Fv2%2Fcategories&post=48"},{"taxonomy":"post_tag","embeddable":true,"href":"https:\/\/interessatb.com.br\/index.php?rest_route=%2Fwp%2Fv2%2Ftags&post=48"}],"curies":[{"name":"wp","href":"https:\/\/api.w.org\/{rel}","templated":true}]}}