{"id":548,"date":"2021-10-23T23:35:42","date_gmt":"2021-10-24T02:35:42","guid":{"rendered":"https:\/\/interessatb.com.br\/?p=548"},"modified":"2022-08-21T08:57:09","modified_gmt":"2022-08-21T11:57:09","slug":"ifpr-campus-de-telemaco-borba-retornara-as-aulas-presenciais-em-16-de-novembro","status":"publish","type":"post","link":"https:\/\/interessatb.com.br\/?p=548","title":{"rendered":"IFPR Campus de Tel\u00eamaco Borba retornar\u00e1 \u00e0s aulas presenciais em 16 de novembro"},"content":{"rendered":"\n<p>Todos os cursos da institui\u00e7\u00e3o retomar\u00e3o as aulas a partir de 16 de novembro. Com a preocupa\u00e7\u00e3o da seguran\u00e7a de estudantes e servidores, protocolos r\u00edgidos de seguran\u00e7a\/sanit\u00e1rios ser\u00e3o adotados. Dentre as medidas de seguran\u00e7a est\u00e3o previstos o rod\u00edzio de estudantes, o distanciamento social, al\u00e9m das demais pr\u00e1ticas j\u00e1 recomendadas, como uso do \u00e1lcool em gel e m\u00e1scaras.<\/p>\n\n\n<div class=\"wp-block-image\">\n<figure class=\"alignleft size-full\"><img loading=\"lazy\" decoding=\"async\" width=\"300\" height=\"250\" src=\"http:\/\/interessatb.com.br\/wp-content\/uploads\/2022\/03\/baixa_resolucao_castelo.png\" alt=\"\" class=\"wp-image-987\"\/><\/figure>\n<\/div>\n\n\n<p>A institui\u00e7\u00e3o informou por meio de nota nas redes sociais que neste primeiro momento nem todos os estudantes retornar\u00e3o. Pessoas do grupo de risco, com alguma comorbidade, poder\u00e3o optar por continuar no regime remoto. Por quest\u00e3o de organiza\u00e7\u00e3o do retorno, os estudantes devem preencher formul\u00e1rios digitais para os cursos <a href=\"https:\/\/l.facebook.com\/l.php?u=https%3A%2F%2Fforms.gle%2Fn6btptkFqcdHeLac6&amp;h=AT2-Lqedd3_nR2v7KVWO5wPLc6bJyevQG5yVVISipXUQJpCZzx0W9wBdhYfRNRJEGQifHD061X7p0I_FTf0YozqgCHtuHUKiQ3H20eTQNJ7Xv-IVH6jVMhvtygqMKdc2-LbLG5r9CfBcK8y9QJUgxpgu-jVxkqDO5z3g&amp;__tn__=-UK-R&amp;c[0]=AT20qGw9oweHNN_sbsu_rpLK9fYrIGn1PJgPv9EYF3f54dijewaqDCEmYZmfZjEdq66-nx7pBJpVdOaw_BF9v5jzR6ip9-srAkHryq1VkIokeM0lvGw-UWWF09Pjsujcj2PCydM_mGzIg-rcsW27jgJcSTPc26L8ZGxk-aHKO8RLKvVF0m0cyxWLkPsSkXmV08oUbw\">superior<\/a> e <a href=\"https:\/\/l.facebook.com\/l.php?u=https%3A%2F%2Fforms.gle%2FawRAZGMgVaySZQps9&amp;h=AT1BSpJmg7te9qGSCkCe3f5ozj1aqy38JjVRarsT8VwL6-NucgN50vb3OqVYLYnChJTlydutsGaQTlg0H6KUfSE1edSxImBOYjZnlesX3Yw-PHBYGZljKw-3zDXmj-eEo4pEToYB1QCA7rixuRjcujYxi7tNjq6Gghll&amp;__tn__=-UK-R&amp;c[0]=AT20qGw9oweHNN_sbsu_rpLK9fYrIGn1PJgPv9EYF3f54dijewaqDCEmYZmfZjEdq66-nx7pBJpVdOaw_BF9v5jzR6ip9-srAkHryq1VkIokeM0lvGw-UWWF09Pjsujcj2PCydM_mGzIg-rcsW27jgJcSTPc26L8ZGxk-aHKO8RLKvVF0m0cyxWLkPsSkXmV08oUbw\">m\u00e9dio<\/a> at\u00e9 o dia 28 deste m\u00eas de outubro.<\/p>\n\n\n\n<p><strong>Ver tamb\u00e9m<\/strong><\/p>\n\n\n\n<p><a href=\"https:\/\/interessatb.com.br\/2021\/10\/23\/uepg-divulga-resultado-do-vestibular-da-primavera-nesta-segunda-feira-25\/\">UEPG divulga resultado do Vestibular da Primavera nesta segunda-feira, 25<\/a><\/p>\n\n\n\n<p><a href=\"https:\/\/interessatb.com.br\/2021\/09\/26\/tecnologia-de-software-uma-opcao-viavel-para-telemaco-borba\/\">Tecnologia de software: uma op\u00e7\u00e3o vi\u00e1vel para Tel\u00eamaco Borba<\/a><\/p>\n\n\n\n<p>Devido \u00e0 reorganiza\u00e7\u00e3o do calend\u00e1rio escolar imposto pela pandemia de Covid-19, o 1\u00ba semestre letivo de 2021 se encerrou hoje (23), com as f\u00e9rias escolares iniciando nesta segunda-feira (25) estendendo-se at\u00e9 11 de novembro pr\u00f3ximo. Para os estudantes ingressantes no curso de Engenharia El\u00e9trica, as aulas ter\u00e3o in\u00edcio apenas em mar\u00e7o de 2022 conforme a Se\u00e7\u00e3o Pedag\u00f3gica e de Assuntos Estudantis (SEPAE) do Campus de Tel\u00eamaco Borba.<\/p>\n","protected":false},"excerpt":{"rendered":"<div class=\"mh-excerpt\"><p>Todos os cursos da institui\u00e7\u00e3o retomar\u00e3o as aulas a partir de 16 de novembro. Com a preocupa\u00e7\u00e3o da seguran\u00e7a de estudantes e servidores, protocolos r\u00edgidos <a class=\"mh-excerpt-more\" href=\"https:\/\/interessatb.com.br\/?p=548\" title=\"IFPR Campus de Tel\u00eamaco Borba retornar\u00e1 \u00e0s aulas presenciais em 16 de novembro\">[&#8230;]<\/a><\/p>\n<\/div>","protected":false},"author":1,"featured_media":1151,"comment_status":"closed","ping_status":"closed","sticky":false,"template":"","format":"standard","meta":{"footnotes":""},"categories":[2,5],"tags":[],"class_list":["post-548","post","type-post","status-publish","format-standard","has-post-thumbnail","hentry","category-cidade","category-educacao"],"_links":{"self":[{"href":"https:\/\/interessatb.com.br\/index.php?rest_route=\/wp\/v2\/posts\/548","targetHints":{"allow":["GET"]}}],"collection":[{"href":"https:\/\/interessatb.com.br\/index.php?rest_route=\/wp\/v2\/posts"}],"about":[{"href":"https:\/\/interessatb.com.br\/index.php?rest_route=\/wp\/v2\/types\/post"}],"author":[{"embeddable":true,"href":"https:\/\/interessatb.com.br\/index.php?rest_route=\/wp\/v2\/users\/1"}],"replies":[{"embeddable":true,"href":"https:\/\/interessatb.com.br\/index.php?rest_route=%2Fwp%2Fv2%2Fcomments&post=548"}],"version-history":[{"count":2,"href":"https:\/\/interessatb.com.br\/index.php?rest_route=\/wp\/v2\/posts\/548\/revisions"}],"predecessor-version":[{"id":1152,"href":"https:\/\/interessatb.com.br\/index.php?rest_route=\/wp\/v2\/posts\/548\/revisions\/1152"}],"wp:featuredmedia":[{"embeddable":true,"href":"https:\/\/interessatb.com.br\/index.php?rest_route=\/wp\/v2\/media\/1151"}],"wp:attachment":[{"href":"https:\/\/interessatb.com.br\/index.php?rest_route=%2Fwp%2Fv2%2Fmedia&parent=548"}],"wp:term":[{"taxonomy":"category","embeddable":true,"href":"https:\/\/interessatb.com.br\/index.php?rest_route=%2Fwp%2Fv2%2Fcategories&post=548"},{"taxonomy":"post_tag","embeddable":true,"href":"https:\/\/interessatb.com.br\/index.php?rest_route=%2Fwp%2Fv2%2Ftags&post=548"}],"curies":[{"name":"wp","href":"https:\/\/api.w.org\/{rel}","templated":true}]}}