{"id":561,"date":"2021-11-06T05:38:06","date_gmt":"2021-11-06T08:38:06","guid":{"rendered":"https:\/\/interessatb.com.br\/?p=561"},"modified":"2022-10-19T06:03:04","modified_gmt":"2022-10-19T09:03:04","slug":"quem-foi-gomarabica","status":"publish","type":"post","link":"https:\/\/interessatb.com.br\/?p=561","title":{"rendered":"Quem foi Gomar\u00e1bica?"},"content":{"rendered":"\n<p>O Festival Gomar\u00e1bica, institu\u00eddo pelo munic\u00edpio de Tel\u00eamaco Borba, chega \u00e0 sua 15\u00aa edi\u00e7\u00e3o. Um projeto que tem o prop\u00f3sito de homenagear um personagem viveu na cidade e que alcan\u00e7ou destaque nacional em sua \u00e9poca. Mas quem foi Gomar\u00e1bica?<\/p>\n\n\n\n<p>Gomar\u00e1bica \u00e9 o pseud\u00f4nimo de Serafim Colombo Gomes, um goiano nascido em Pires do Rio, no ano de 1932. Construiu sua carreira art\u00edstica em companhias de teatro, desenvolvendo o papel de ator, cen\u00f3grafo e humorista. Tamb\u00e9m foi compositor, com algumas composi\u00e7\u00f5es alcan\u00e7ando destaque nacional no g\u00eanero musical regionalista sertanejo.<\/p>\n\n\n\n<p>Chegou a Tel\u00eamaco Borba na d\u00e9cada de 1960, junto com uma caravana circense denominada <em>Circo Irm\u00e3os Silva<\/em>. A caravana se foi mas Serafim Gomes decidiu ficar na cidade, a convite de Mario Cassiano que era diretor da R\u00e1dio Sociedade Monte Alegre \u00e0 \u00e9poca, para integrar os quadros da emissora. Os dois tiveram o primeiro contato quando Gomar\u00e1bica pediu a Cassiano para apresentar um musical na emissora. O programa apresentado por Serafim e sua esposa Maria Luiza foi um sucesso, o que motivou o convite. Foi assim que no dia 1\u00ba de maio de 1964 Gomar\u00e1bica foi contratado pela R\u00e1dio Sociedade Monte Alegre. Naquele momento, \u201cGoma\u201d como era chamado pelos amigos, tinha 32 anos de idade.<\/p>\n\n\n<div class=\"wp-block-image\">\n<figure class=\"alignleft size-full\"><img loading=\"lazy\" decoding=\"async\" width=\"439\" height=\"536\" src=\"http:\/\/interessatb.com.br\/wp-content\/uploads\/2022\/03\/Lapidar1.png\" alt=\"\" class=\"wp-image-974\"\/><\/figure>\n<\/div>\n\n\n<p>Como autor e compositor, Serafim Colombo Gomes viu sua obra alcan\u00e7ar relev\u00e2ncia nacional no g\u00eanero musical sertanejo. Suas composi\u00e7\u00f5es foram gravadas por muitos int\u00e9rpretes conhecidos, dentre eles Raymundo Fagner, S\u00e9rgio Reis, Chrystian &amp; Ralf, Daniel, Pena Branca e Xavantinho, Veloso e Velosinho. A lista \u00e9 extensa.<\/p>\n\n\n\n<p>A can\u00e7\u00e3o \u201cPoeira Vermelha\u201d, de sua autoria em parceria com Luiz Bonan foi vencedora do 1\u00ba Festival de M\u00fasica Sertaneja promovida pela R\u00e1dio Nacional de S\u00e3o Paulo, em 1968, em um per\u00edodo de nossa hist\u00f3ria em que as emissoras de r\u00e1dio eram o maior canal de comunica\u00e7\u00e3o em massa. Outra composi\u00e7\u00e3o de muito sucesso foi \u201cSoca Pil\u00e3o\u201d, que se destacou nas vozes do Trio Parada Dura. Podem ser citadas ainda como composi\u00e7\u00f5es de grande destaque \u201cColch\u00e3o de Palha\u201d e \u201cA Represa\u201d.<\/p>\n\n\n\n<p><strong>Veja tamb\u00e9m<\/strong><\/p>\n\n\n\n<p><a href=\"https:\/\/interessatb.com.br\/?p=558\">Festival Gomar\u00e1bica chega \u00e0 XV edi\u00e7\u00e3o<\/a><\/p>\n\n\n\n<p><a href=\"https:\/\/interessatb.com.br\/?p=345\">Josu\u00e9 da Costa recebe homenagem p\u00f3stuma por vida dedicada \u00e0 miss\u00f5es e amor ao pr\u00f3ximo<\/a><\/p>\n\n\n\n<p><a href=\"https:\/\/interessatb.com.br\/?p=409\">Tecnologia de software: uma op\u00e7\u00e3o vi\u00e1vel para Tel\u00eamaco Borba<\/a><\/p>\n\n\n\n<p>Serafim Colombo Gomes faleceu em Goi\u00e1s, na cidade de Goi\u00e2nia. Suas can\u00e7\u00f5es ficaram marcadas em in\u00fameras m\u00eddias e int\u00e9rpretes, tais como vinil, fitas K-7, CD\u2019s, filmes (\u201cO Menino da Porteira\u201d e \u201cDois Filhos de Francisco\u201d). Atualmente podem ser encontradas com facilidade em meios digitais, redes sociais e canais como o YouTube, nas vozes de in\u00fameros artistas.<\/p>\n\n\n\n<p>N\u00e3o se tem registros da origem do apelido \u201cGomar\u00e1bica\u201d. A t\u00edtulo de curiosidade, goma ar\u00e1bica \u00e9 uma resina de origem africana, que alcan\u00e7ou dispers\u00e3o mundial, pelo interesse econ\u00f4mico de seu uso. Pode ser encontrada em alimentos, tintas, cosm\u00e9ticos, perfumes, rem\u00e9dios, graxas, bebidas gaseificadas, entre outros. Chegou a ser usada nos processos de mumifica\u00e7\u00e3o do antigo Egito.<\/p>\n\n\n\n<div class=\"wp-block-group\"><div class=\"wp-block-group__inner-container is-layout-flow wp-block-group-is-layout-flow\">\n<div class=\"wp-block-columns is-layout-flex wp-container-core-columns-is-layout-9d6595d7 wp-block-columns-is-layout-flex\">\n<div class=\"wp-block-column is-layout-flow wp-block-column-is-layout-flow\" style=\"flex-basis:100%\">\n<figure class=\"wp-block-gallery aligncenter has-nested-images columns-default is-cropped wp-block-gallery-1 is-layout-flex wp-block-gallery-is-layout-flex\">\n<figure class=\"wp-block-image size-large\"><img loading=\"lazy\" decoding=\"async\" width=\"390\" height=\"389\" data-id=\"1136\" src=\"http:\/\/interessatb.com.br\/wp-content\/uploads\/2021\/11\/Duo-Glacial-capa-disco.jpg\" alt=\"\" class=\"wp-image-1136\"\/><figcaption>Capa do disco &#8220;Poeira&#8221;, de1967<\/figcaption><\/figure>\n\n\n\n<figure class=\"wp-block-image size-large\"><img loading=\"lazy\" decoding=\"async\" width=\"390\" height=\"406\" data-id=\"1137\" src=\"http:\/\/interessatb.com.br\/wp-content\/uploads\/2021\/11\/Serafim-Colombo-Gomes-Gomarabica.png\" alt=\"\" class=\"wp-image-1137\"\/><figcaption>Serafim Colombo Gomes &#8220;Gomar\u00e1bica&#8221;<\/figcaption><\/figure>\n<\/figure>\n<\/div>\n<\/div>\n<\/div><\/div>\n","protected":false},"excerpt":{"rendered":"<div class=\"mh-excerpt\"><p>O Festival Gomar\u00e1bica, institu\u00eddo pelo munic\u00edpio de Tel\u00eamaco Borba, chega \u00e0 sua 15\u00aa edi\u00e7\u00e3o. Um projeto que tem o prop\u00f3sito de homenagear um personagem viveu <a class=\"mh-excerpt-more\" href=\"https:\/\/interessatb.com.br\/?p=561\" title=\"Quem foi Gomar\u00e1bica?\">[&#8230;]<\/a><\/p>\n<\/div>","protected":false},"author":1,"featured_media":1135,"comment_status":"closed","ping_status":"closed","sticky":false,"template":"","format":"standard","meta":{"footnotes":""},"categories":[19],"tags":[],"class_list":["post-561","post","type-post","status-publish","format-standard","has-post-thumbnail","hentry","category-cultura"],"_links":{"self":[{"href":"https:\/\/interessatb.com.br\/index.php?rest_route=\/wp\/v2\/posts\/561","targetHints":{"allow":["GET"]}}],"collection":[{"href":"https:\/\/interessatb.com.br\/index.php?rest_route=\/wp\/v2\/posts"}],"about":[{"href":"https:\/\/interessatb.com.br\/index.php?rest_route=\/wp\/v2\/types\/post"}],"author":[{"embeddable":true,"href":"https:\/\/interessatb.com.br\/index.php?rest_route=\/wp\/v2\/users\/1"}],"replies":[{"embeddable":true,"href":"https:\/\/interessatb.com.br\/index.php?rest_route=%2Fwp%2Fv2%2Fcomments&post=561"}],"version-history":[{"count":2,"href":"https:\/\/interessatb.com.br\/index.php?rest_route=\/wp\/v2\/posts\/561\/revisions"}],"predecessor-version":[{"id":1740,"href":"https:\/\/interessatb.com.br\/index.php?rest_route=\/wp\/v2\/posts\/561\/revisions\/1740"}],"wp:featuredmedia":[{"embeddable":true,"href":"https:\/\/interessatb.com.br\/index.php?rest_route=\/wp\/v2\/media\/1135"}],"wp:attachment":[{"href":"https:\/\/interessatb.com.br\/index.php?rest_route=%2Fwp%2Fv2%2Fmedia&parent=561"}],"wp:term":[{"taxonomy":"category","embeddable":true,"href":"https:\/\/interessatb.com.br\/index.php?rest_route=%2Fwp%2Fv2%2Fcategories&post=561"},{"taxonomy":"post_tag","embeddable":true,"href":"https:\/\/interessatb.com.br\/index.php?rest_route=%2Fwp%2Fv2%2Ftags&post=561"}],"curies":[{"name":"wp","href":"https:\/\/api.w.org\/{rel}","templated":true}]}}