{"id":612,"date":"2021-11-18T05:39:35","date_gmt":"2021-11-18T08:39:35","guid":{"rendered":"https:\/\/interessatb.com.br\/?p=612"},"modified":"2022-08-18T23:06:25","modified_gmt":"2022-08-19T02:06:25","slug":"prefeitura-de-telemaco-borba-e-sebrae-promovem-hoje-18-seminario-de-credito-para-empresarios","status":"publish","type":"post","link":"https:\/\/interessatb.com.br\/?p=612","title":{"rendered":"Prefeitura de Tel\u00eamaco Borba e Sebrae promovem hoje, 18, Semin\u00e1rio de Cr\u00e9dito para empres\u00e1rios"},"content":{"rendered":"\n<p>A Secretaria Municipal de Trabalho e Ind\u00fastria Convencional (SMTIC), em parceria com o Sebrae, promove neste dia 18 de novembro a partir das 19h o \u201cSemin\u00e1rio de Cr\u00e9dito para Voc\u00ea\u201d.<\/p>\n\n\n<div class=\"wp-block-image\">\n<figure class=\"alignleft size-full is-resized\"><img loading=\"lazy\" decoding=\"async\" src=\"http:\/\/interessatb.com.br\/wp-content\/uploads\/2022\/08\/logo-casotec.png\" alt=\"\" class=\"wp-image-980\" width=\"384\" height=\"320\"\/><\/figure>\n<\/div>\n\n\n<p>O evento acontece no anfiteatro Carmem Iolanda Dal\u00e9cio da Secretaria de Educa\u00e7\u00e3o. O espa\u00e7o fica pr\u00f3ximo \u00e0 Rodovi\u00e1ria. O endere\u00e7o \u00e9 Alameda Washington Lu\u00eds, 50, centro.<\/p>\n\n\n\n<p><strong>Veja tamb\u00e9m<\/strong><\/p>\n\n\n\n<p><a href=\"https:\/\/interessatb.com.br\/2021\/11\/17\/industria-e-comercio-realiza-consultoria-para-empresarios-de-tibagi\/\">Ind\u00fastria e Com\u00e9rcio realiza consultoria para empres\u00e1rios de Tibagi<\/a><\/p>\n\n\n\n<p><a href=\"https:\/\/interessatb.com.br\/2021\/09\/25\/fomento-parana-retoma-oferta-de-credito-para-investimento-fixo\/\">Fomento Paran\u00e1 retoma oferta de cr\u00e9dito para investimento fixo<\/a><\/p>\n\n\n\n<p>O evento, voltado aos empres\u00e1rios e microempreendedores de Tel\u00eamaco Borba, contar\u00e1 com a participa\u00e7\u00e3o de institui\u00e7\u00f5es financeiras como a Fomento Paran\u00e1, Sicredi, Sicoob, Caixa Econ\u00f4mica Federal e NB Multicr\u00e9dito.<\/p>\n\n\n\n<p>Conforme afirmou Josemir Zanetti, coordenador de Divis\u00e3o de Desenvolvimento Econ\u00f4mico da SMTIC, \u201cAqueles empres\u00e1rios que necessitam de capital para investir ter\u00e3o este momento para conhecer as linhas de cr\u00e9ditos e poder verificar a melhor op\u00e7\u00e3o para o seu neg\u00f3cio\u201d.<\/p>\n\n\n\n<p><strong>Segue a Programa\u00e7\u00e3o<\/strong><\/p>\n\n\n\n<p>Programa\u00e7\u00e3o<\/p>\n\n\n\n<p>19h \u2013 Abertura \u2013 SEBRAE\/PR<\/p>\n\n\n\n<p>19h30 \u2013 Apresenta\u00e7\u00e3o de linhas de cr\u00e9dito para empreendedores<\/p>\n\n\n\n<p>20h10 \u2013 Momento de Negocia\u00e7\u00e3o<\/p>\n\n\n\n<p><em>Fonte: PMTB.<\/em><\/p>\n","protected":false},"excerpt":{"rendered":"<div class=\"mh-excerpt\"><p>A Secretaria Municipal de Trabalho e Ind\u00fastria Convencional (SMTIC), em parceria com o Sebrae, promove neste dia 18 de novembro a partir das 19h o <a class=\"mh-excerpt-more\" href=\"https:\/\/interessatb.com.br\/?p=612\" title=\"Prefeitura de Tel\u00eamaco Borba e Sebrae promovem hoje, 18, Semin\u00e1rio de Cr\u00e9dito para empres\u00e1rios\">[&#8230;]<\/a><\/p>\n<\/div>","protected":false},"author":1,"featured_media":1122,"comment_status":"closed","ping_status":"closed","sticky":false,"template":"","format":"standard","meta":{"footnotes":""},"categories":[2,20],"tags":[],"class_list":["post-612","post","type-post","status-publish","format-standard","has-post-thumbnail","hentry","category-cidade","category-industria-e-comercio"],"_links":{"self":[{"href":"https:\/\/interessatb.com.br\/index.php?rest_route=\/wp\/v2\/posts\/612","targetHints":{"allow":["GET"]}}],"collection":[{"href":"https:\/\/interessatb.com.br\/index.php?rest_route=\/wp\/v2\/posts"}],"about":[{"href":"https:\/\/interessatb.com.br\/index.php?rest_route=\/wp\/v2\/types\/post"}],"author":[{"embeddable":true,"href":"https:\/\/interessatb.com.br\/index.php?rest_route=\/wp\/v2\/users\/1"}],"replies":[{"embeddable":true,"href":"https:\/\/interessatb.com.br\/index.php?rest_route=%2Fwp%2Fv2%2Fcomments&post=612"}],"version-history":[{"count":2,"href":"https:\/\/interessatb.com.br\/index.php?rest_route=\/wp\/v2\/posts\/612\/revisions"}],"predecessor-version":[{"id":1123,"href":"https:\/\/interessatb.com.br\/index.php?rest_route=\/wp\/v2\/posts\/612\/revisions\/1123"}],"wp:featuredmedia":[{"embeddable":true,"href":"https:\/\/interessatb.com.br\/index.php?rest_route=\/wp\/v2\/media\/1122"}],"wp:attachment":[{"href":"https:\/\/interessatb.com.br\/index.php?rest_route=%2Fwp%2Fv2%2Fmedia&parent=612"}],"wp:term":[{"taxonomy":"category","embeddable":true,"href":"https:\/\/interessatb.com.br\/index.php?rest_route=%2Fwp%2Fv2%2Fcategories&post=612"},{"taxonomy":"post_tag","embeddable":true,"href":"https:\/\/interessatb.com.br\/index.php?rest_route=%2Fwp%2Fv2%2Ftags&post=612"}],"curies":[{"name":"wp","href":"https:\/\/api.w.org\/{rel}","templated":true}]}}