{"id":624,"date":"2021-11-18T08:47:42","date_gmt":"2021-11-18T11:47:42","guid":{"rendered":"https:\/\/interessatb.com.br\/?p=624"},"modified":"2022-08-18T22:58:10","modified_gmt":"2022-08-19T01:58:10","slug":"em-evento-concorrido-e-lancado-neste-dia-17-o-comite-vale-do-tibagi-com-presenca-de-prefeitos-da-regiao","status":"publish","type":"post","link":"https:\/\/interessatb.com.br\/?p=624","title":{"rendered":"Em evento concorrido \u00e9 lan\u00e7ado neste dia 17 o Comit\u00ea Vale do Tibagi, com presen\u00e7a de prefeitos da regi\u00e3o"},"content":{"rendered":"\n<p>Com o prop\u00f3sito de integrar e fomentar o desenvolvimento socioecon\u00f4mico regional, foi lan\u00e7ado oficialmente na manh\u00e3 de ontem o Comit\u00ea Vale do Tibagi. O evento ocorreu na Ch\u00e1cara Imp\u00e9rio, no munic\u00edpio de Imba\u00fa. O evento atraiu in\u00fameras autoridades, institui\u00e7\u00f5es p\u00fablicas e privadas e empres\u00e1rios da regi\u00e3o.<\/p>\n\n\n\n<p>O Comit\u00ea Territorial do Vale do Tibagi \u00e9 composto por integrantes do setor p\u00fablico e privado, produtores rurais e associa\u00e7\u00f5es comerciais.&nbsp;Para Ericl\u00e9ia de F\u00e1tima Dlugosz da Silva, presidente do Comit\u00ea, este \u201c\u00e9 um espa\u00e7o importante para integrar atores, formular e propor medidas que venham contribuir com os agentes locais para fortalecer e incentivar a\u00e7\u00f5es, visando melhorar o ambiente de neg\u00f3cios e fomentar o desenvolvimento regional\u201d. Segundo ela, com o trabalho integrado, os munic\u00edpios do territ\u00f3rio tendem a avan\u00e7ar mais rapidamente na melhoria do ambiente de neg\u00f3cios na regi\u00e3o.&nbsp;<\/p>\n\n\n<div class=\"wp-block-image\">\n<figure class=\"alignleft size-full\"><img loading=\"lazy\" decoding=\"async\" width=\"300\" height=\"250\" src=\"http:\/\/interessatb.com.br\/wp-content\/uploads\/2022\/03\/baixa_resolucao_castelo.png\" alt=\"\" class=\"wp-image-987\"\/><\/figure>\n<\/div>\n\n\n<p>Durante o evento foi apresentado o plano de a\u00e7\u00e3o e planejamento, que t\u00eam como ,eixos do turismo, agricultura familiar e educa\u00e7\u00e3o empreendedora, para o desenvolvimento dos munic\u00edpios de Arapoti, Curi\u00fava, Imba\u00fa, Iva\u00ed, Reserva, Ortigueira, Tibagi, Tel\u00eamaco Borba e Ventania. O eixo Educa\u00e7\u00e3o Empreendedora, coordenado por Camilo Geraldo Campos, o eixo da agricultura familiar \u00e9 coordenado por Cristiane Hermann de Campos e o eixo &nbsp;turismo \u00e9 coordenado pela assessora t\u00e9cnica da Ag\u00eancia de Desenvolvimento do Turismo dos Campos Gerais (Adetur), Karen Kobilarz.<\/p>\n\n\n\n<p>Para Jo\u00e3o Maria Fermino dos Santos, vice-presidente do Comit\u00ea, &#8221; A atua\u00e7\u00e3o do Comit\u00ea ter\u00e1 um importante papel na articula\u00e7\u00e3o entre os poderes p\u00fablicos e privados buscando o desenvolvimento sustent\u00e1vel e o crescimento dos ambientes de neg\u00f3cios nos nove munic\u00edpios que comp\u00f5em o territ\u00f3rio\u201d.<\/p>\n\n\n\n<p><strong>Veja mais<\/strong><\/p>\n\n\n\n<p><a href=\"https:\/\/interessatb.com.br\/2021\/10\/08\/comite-territorial-vale-do-tibagi-reune-o-eixo-de-educacao-empreendedora-em-telemaco-borba\/\">Comit\u00ea Territorial Vale do Tibagi re\u00fane o eixo de Educa\u00e7\u00e3o Empreendedora em Tel\u00eamaco Borba<\/a><\/p>\n\n\n\n<p><a href=\"https:\/\/interessatb.com.br\/2021\/11\/18\/prefeitura-de-telemaco-borba-e-sebrae-promovem-hoje-18-seminario-de-credito-para-empresarios\/\">Prefeitura de Tel\u00eamaco Borba e Sebrae promovem hoje, 18, Semin\u00e1rio de Cr\u00e9dito para empres\u00e1rios<\/a><\/p>\n\n\n\n<p>O&nbsp;presidente da Associa\u00e7\u00e3o dos Munic\u00edpios dos Campos Gerais (AMCG), Moacyr Fadel, afirmou que&nbsp;\u201cTornar esse ambiente ainda mais prop\u00edcio para investimentos, visando a qualidade de vida de nossa popula\u00e7\u00e3o, sempre esteve no foco da AMCG. E agora, contando com apoio dos Comit\u00eas Territoriais, tanto dos Campos Gerais como do Vale do Tibagi, vai facilitar e otimizar ainda mais nossa estrat\u00e9gia\u201d.<\/p>\n\n\n\n<p>Na ocasi\u00e3o tamb\u00e9m foi assinado um termo de parceria entre munic\u00edpios e o Comit\u00ea, para promover o desenvolvimento regional, com a presen\u00e7a dos prefeitos de Arapoti Irani Barros, de Tibagi Artur Butina, de Tel\u00eamaco Borba Marcio Artur de Matos, de Castro Moacyr Fadel. Os munic\u00edpios de Imba\u00fa e Ortigueira estavam representados por seus vice-prefeitos. Curi\u00fava e Ventania estavam representados por seus secret\u00e1rios.<\/p>\n\n\n\n<figure class=\"wp-block-gallery has-nested-images columns-default is-cropped wp-block-gallery-1 is-layout-flex wp-block-gallery-is-layout-flex\">\n<figure class=\"wp-block-image size-large\"><img loading=\"lazy\" decoding=\"async\" width=\"4128\" height=\"3096\" data-id=\"1106\" src=\"http:\/\/interessatb.com.br\/wp-content\/uploads\/2021\/11\/20211117_094644.jpg\" alt=\"\" class=\"wp-image-1106\"\/><\/figure>\n\n\n\n<figure class=\"wp-block-image size-large\"><img loading=\"lazy\" decoding=\"async\" width=\"4128\" height=\"3096\" data-id=\"1107\" src=\"http:\/\/interessatb.com.br\/wp-content\/uploads\/2021\/11\/20211117_100136.jpg\" alt=\"\" class=\"wp-image-1107\"\/><\/figure>\n\n\n\n<figure class=\"wp-block-image size-large\"><img loading=\"lazy\" decoding=\"async\" width=\"4128\" height=\"3096\" data-id=\"1108\" src=\"http:\/\/interessatb.com.br\/wp-content\/uploads\/2021\/11\/20211117_100628.jpg\" alt=\"\" class=\"wp-image-1108\"\/><\/figure>\n\n\n\n<figure class=\"wp-block-image size-large\"><img loading=\"lazy\" decoding=\"async\" width=\"4128\" height=\"3096\" data-id=\"1109\" src=\"http:\/\/interessatb.com.br\/wp-content\/uploads\/2021\/11\/20211117_103012.jpg\" alt=\"\" class=\"wp-image-1109\"\/><\/figure>\n\n\n\n<figure class=\"wp-block-image size-large\"><img loading=\"lazy\" decoding=\"async\" width=\"4128\" height=\"3096\" data-id=\"1110\" src=\"http:\/\/interessatb.com.br\/wp-content\/uploads\/2021\/11\/20211117_100941.jpg\" alt=\"\" class=\"wp-image-1110\"\/><\/figure>\n\n\n\n<figure class=\"wp-block-image size-large\"><img loading=\"lazy\" decoding=\"async\" width=\"4128\" height=\"3096\" data-id=\"1112\" src=\"http:\/\/interessatb.com.br\/wp-content\/uploads\/2021\/11\/20211117_103651.jpg\" alt=\"\" class=\"wp-image-1112\"\/><\/figure>\n\n\n\n<figure class=\"wp-block-image size-large\"><img loading=\"lazy\" decoding=\"async\" width=\"4128\" height=\"3096\" data-id=\"1114\" src=\"http:\/\/interessatb.com.br\/wp-content\/uploads\/2021\/11\/20211117_105253.jpg\" alt=\"\" class=\"wp-image-1114\"\/><\/figure>\n\n\n\n<figure class=\"wp-block-image size-large\"><img loading=\"lazy\" decoding=\"async\" width=\"3529\" height=\"2298\" data-id=\"1115\" src=\"http:\/\/interessatb.com.br\/wp-content\/uploads\/2021\/11\/20211117_105311Prefeito2.jpg\" alt=\"\" class=\"wp-image-1115\"\/><\/figure>\n\n\n\n<figure class=\"wp-block-image size-large\"><img loading=\"lazy\" decoding=\"async\" width=\"4128\" height=\"3096\" data-id=\"1117\" src=\"http:\/\/interessatb.com.br\/wp-content\/uploads\/2021\/11\/20211117_105334.jpg\" alt=\"\" class=\"wp-image-1117\"\/><\/figure>\n\n\n\n<figure class=\"wp-block-image size-large\"><img loading=\"lazy\" decoding=\"async\" width=\"4128\" height=\"3096\" data-id=\"1119\" src=\"http:\/\/interessatb.com.br\/wp-content\/uploads\/2021\/11\/20211117_105401.jpg\" alt=\"\" class=\"wp-image-1119\"\/><\/figure>\n\n\n\n<figure class=\"wp-block-image size-large\"><img decoding=\"async\" data-id=\"637\" src=\"https:\/\/interessatb.com.br\/wp-content\/uploads\/2021\/11\/20211117_105425-1024x768.jpg\" alt=\"\" class=\"wp-image-637\"\/><\/figure>\n\n\n\n<figure class=\"wp-block-image size-large\"><img decoding=\"async\" data-id=\"638\" src=\"https:\/\/interessatb.com.br\/wp-content\/uploads\/2021\/11\/20211117_105448-1024x768.jpg\" alt=\"\" class=\"wp-image-638\"\/><\/figure>\n\n\n\n<figure class=\"wp-block-image size-large\"><img decoding=\"async\" data-id=\"639\" src=\"https:\/\/interessatb.com.br\/wp-content\/uploads\/2021\/11\/20211117_105515-1024x768.jpg\" alt=\"\" class=\"wp-image-639\"\/><\/figure>\n\n\n\n<figure class=\"wp-block-image size-large\"><img decoding=\"async\" data-id=\"642\" src=\"https:\/\/interessatb.com.br\/wp-content\/uploads\/2021\/11\/20211117_105646-1-1024x768.jpg\" alt=\"\" class=\"wp-image-642\"\/><\/figure>\n\n\n\n<figure class=\"wp-block-image size-large\"><img decoding=\"async\" data-id=\"641\" src=\"https:\/\/interessatb.com.br\/wp-content\/uploads\/2021\/11\/20211117_105648-1024x768.jpg\" alt=\"\" class=\"wp-image-641\"\/><\/figure>\n<\/figure>\n","protected":false},"excerpt":{"rendered":"<div class=\"mh-excerpt\"><p>Com o prop\u00f3sito de integrar e fomentar o desenvolvimento socioecon\u00f4mico regional, foi lan\u00e7ado oficialmente na manh\u00e3 de ontem o Comit\u00ea Vale do Tibagi. O evento <a class=\"mh-excerpt-more\" href=\"https:\/\/interessatb.com.br\/?p=624\" title=\"Em evento concorrido \u00e9 lan\u00e7ado neste dia 17 o Comit\u00ea Vale do Tibagi, com presen\u00e7a de prefeitos da regi\u00e3o\">[&#8230;]<\/a><\/p>\n<\/div>","protected":false},"author":1,"featured_media":1105,"comment_status":"closed","ping_status":"closed","sticky":false,"template":"","format":"standard","meta":{"footnotes":""},"categories":[20,14],"tags":[],"class_list":["post-624","post","type-post","status-publish","format-standard","has-post-thumbnail","hentry","category-industria-e-comercio","category-regiao"],"_links":{"self":[{"href":"https:\/\/interessatb.com.br\/index.php?rest_route=\/wp\/v2\/posts\/624","targetHints":{"allow":["GET"]}}],"collection":[{"href":"https:\/\/interessatb.com.br\/index.php?rest_route=\/wp\/v2\/posts"}],"about":[{"href":"https:\/\/interessatb.com.br\/index.php?rest_route=\/wp\/v2\/types\/post"}],"author":[{"embeddable":true,"href":"https:\/\/interessatb.com.br\/index.php?rest_route=\/wp\/v2\/users\/1"}],"replies":[{"embeddable":true,"href":"https:\/\/interessatb.com.br\/index.php?rest_route=%2Fwp%2Fv2%2Fcomments&post=624"}],"version-history":[{"count":6,"href":"https:\/\/interessatb.com.br\/index.php?rest_route=\/wp\/v2\/posts\/624\/revisions"}],"predecessor-version":[{"id":1120,"href":"https:\/\/interessatb.com.br\/index.php?rest_route=\/wp\/v2\/posts\/624\/revisions\/1120"}],"wp:featuredmedia":[{"embeddable":true,"href":"https:\/\/interessatb.com.br\/index.php?rest_route=\/wp\/v2\/media\/1105"}],"wp:attachment":[{"href":"https:\/\/interessatb.com.br\/index.php?rest_route=%2Fwp%2Fv2%2Fmedia&parent=624"}],"wp:term":[{"taxonomy":"category","embeddable":true,"href":"https:\/\/interessatb.com.br\/index.php?rest_route=%2Fwp%2Fv2%2Fcategories&post=624"},{"taxonomy":"post_tag","embeddable":true,"href":"https:\/\/interessatb.com.br\/index.php?rest_route=%2Fwp%2Fv2%2Ftags&post=624"}],"curies":[{"name":"wp","href":"https:\/\/api.w.org\/{rel}","templated":true}]}}