{"id":656,"date":"2021-11-27T10:04:19","date_gmt":"2021-11-27T13:04:19","guid":{"rendered":"https:\/\/interessatb.com.br\/?p=656"},"modified":"2022-08-18T22:48:05","modified_gmt":"2022-08-19T01:48:05","slug":"parque-estadual-do-guartela-sera-administrado-pela-iniciativa-privada-em-concessao-de-30-anos","status":"publish","type":"post","link":"https:\/\/interessatb.com.br\/?p=656","title":{"rendered":"Parque Estadual do Guartel\u00e1 ser\u00e1 administrado pela iniciativa privada, em concess\u00e3o de 30 anos"},"content":{"rendered":"\n<p>Os envelopes da concorr\u00eancia p\u00fablicas ser\u00e3o abertos dia 18 de janeiro de 2022 e vence quem apresentar a melhor proposta. A concession\u00e1ria vencedora poder\u00e1 explorar os servi\u00e7os de apoio \u00e0 visita\u00e7\u00e3o, ao turismo sustent\u00e1vel, interpreta\u00e7\u00e3o ambiental e recrea\u00e7\u00e3o em contato com a natureza.<\/p>\n\n\n<div class=\"wp-block-image\">\n<figure class=\"alignleft size-full is-resized\"><img loading=\"lazy\" decoding=\"async\" src=\"http:\/\/interessatb.com.br\/wp-content\/uploads\/2021\/12\/Polo-Tecnologico-de-Software-3.png\" alt=\"\" class=\"wp-image-1085\" width=\"330\" height=\"341\"\/><\/figure>\n<\/div>\n\n\n<p>O Edital de Concorr\u00eancia P\u00fablica <a href=\"https:\/\/www.aen.pr.gov.br\/arquivos\/2311editalguartela.pdf\">IAT N\u00ba 08\/2021<\/a>, publicado nesta segunda-feira (22), cont\u00e9m as regras de abertura de licita\u00e7\u00e3o para contrata\u00e7\u00e3o e explora\u00e7\u00e3o dos servi\u00e7os por parte dos vencedores, que poder\u00e3o ser empresas ou cons\u00f3rcios de empresas. O valor estimado do contrato para o investimento m\u00ednimo obrigat\u00f3rio pela Concession\u00e1ria \u00e9 de 11,7 milh\u00f5es de reais. A empresa vencedora da licita\u00e7\u00e3o ter\u00e1 a concess\u00e3o do espa\u00e7o pelo per\u00edodo de 30 anos, a partir da data de assinatura do contrato.<\/p>\n\n\n\n<p>O objetivo da concess\u00e3o, segundo o diretor de Pol\u00edticas Ambientais da Sedest e diretor de Patrim\u00f4nio Natural do IAT, Rafael Andreguetto, \u00e9 que a concession\u00e1ria garanta a conserva\u00e7\u00e3o do patrim\u00f4nio natural do Estado, com melhorias exigidas no contrato.<\/p>\n\n\n\n<p><strong>Veja tamb\u00e9m<\/strong><\/p>\n\n\n\n<p><a href=\"https:\/\/interessatb.com.br\/2021\/11\/18\/em-evento-concorrido-e-lancado-neste-dia-17-o-comite-vale-do-tibagi-com-presenca-de-prefeitos-da-regiao\/\">Em evento concorrido \u00e9 lan\u00e7ado neste dia 17 o Comit\u00ea Vale do Tibagi, com presen\u00e7a de prefeitos da regi\u00e3o<\/a><\/p>\n\n\n\n<p><a href=\"https:\/\/interessatb.com.br\/2021\/09\/16\/cursos-gratuitos-para-o-setor-turistico-e-ofertado-pelo-municipio-de-ortigueira\/\">Cursos gratuitos para o setor tur\u00edstico s\u00e3o ofertado pelo munic\u00edpio de Ortigueira<\/a><\/p>\n\n\n\n<p>O Governo do Estado promoveu <em>road shows<\/em> (rodadas de conversas com poss\u00edveis investidores) em Curitiba e Ponta Grossa, e&nbsp;audi\u00eancia p\u00fablica no munic\u00edpio de Tibagi, que abriga o parque, al\u00e9m de disponibilizar consulta p\u00fablica de 05 a 30 de outubro.O local de abertura das propostas \u00e9 o audit\u00f3rio da Secretaria do Desenvolvimento Sustent\u00e1vel e do Turismo (Sedest), em Curitiba, \u00e0s 9hs30.<\/p>\n\n\n\n<figure class=\"wp-block-gallery has-nested-images columns-default is-cropped wp-block-gallery-1 is-layout-flex wp-block-gallery-is-layout-flex\">\n<figure class=\"wp-block-image size-large\"><img loading=\"lazy\" decoding=\"async\" width=\"890\" height=\"593\" data-id=\"1099\" src=\"http:\/\/interessatb.com.br\/wp-content\/uploads\/2021\/11\/parque-Guartela-2.jpg\" alt=\"\" class=\"wp-image-1099\"\/><figcaption>Parque Guartel\u00e1 | AEN<\/figcaption><\/figure>\n\n\n\n<figure class=\"wp-block-image size-large\"><img loading=\"lazy\" decoding=\"async\" width=\"889\" height=\"593\" data-id=\"1100\" src=\"http:\/\/interessatb.com.br\/wp-content\/uploads\/2021\/11\/parque-Guartela-3.jpg\" alt=\"\" class=\"wp-image-1100\"\/><figcaption>parque Guartel\u00e1 | AEN<\/figcaption><\/figure>\n<\/figure>\n","protected":false},"excerpt":{"rendered":"<div class=\"mh-excerpt\"><p>Os envelopes da concorr\u00eancia p\u00fablicas ser\u00e3o abertos dia 18 de janeiro de 2022 e vence quem apresentar a melhor proposta. A concession\u00e1ria vencedora poder\u00e1 explorar <a class=\"mh-excerpt-more\" href=\"https:\/\/interessatb.com.br\/?p=656\" title=\"Parque Estadual do Guartel\u00e1 ser\u00e1 administrado pela iniciativa privada, em concess\u00e3o de 30 anos\">[&#8230;]<\/a><\/p>\n<\/div>","protected":false},"author":1,"featured_media":1101,"comment_status":"closed","ping_status":"closed","sticky":false,"template":"","format":"standard","meta":{"footnotes":""},"categories":[4,20,12,14],"tags":[],"class_list":["post-656","post","type-post","status-publish","format-standard","has-post-thumbnail","hentry","category-economia","category-industria-e-comercio","category-parana","category-regiao"],"_links":{"self":[{"href":"https:\/\/interessatb.com.br\/index.php?rest_route=\/wp\/v2\/posts\/656","targetHints":{"allow":["GET"]}}],"collection":[{"href":"https:\/\/interessatb.com.br\/index.php?rest_route=\/wp\/v2\/posts"}],"about":[{"href":"https:\/\/interessatb.com.br\/index.php?rest_route=\/wp\/v2\/types\/post"}],"author":[{"embeddable":true,"href":"https:\/\/interessatb.com.br\/index.php?rest_route=\/wp\/v2\/users\/1"}],"replies":[{"embeddable":true,"href":"https:\/\/interessatb.com.br\/index.php?rest_route=%2Fwp%2Fv2%2Fcomments&post=656"}],"version-history":[{"count":2,"href":"https:\/\/interessatb.com.br\/index.php?rest_route=\/wp\/v2\/posts\/656\/revisions"}],"predecessor-version":[{"id":1102,"href":"https:\/\/interessatb.com.br\/index.php?rest_route=\/wp\/v2\/posts\/656\/revisions\/1102"}],"wp:featuredmedia":[{"embeddable":true,"href":"https:\/\/interessatb.com.br\/index.php?rest_route=\/wp\/v2\/media\/1101"}],"wp:attachment":[{"href":"https:\/\/interessatb.com.br\/index.php?rest_route=%2Fwp%2Fv2%2Fmedia&parent=656"}],"wp:term":[{"taxonomy":"category","embeddable":true,"href":"https:\/\/interessatb.com.br\/index.php?rest_route=%2Fwp%2Fv2%2Fcategories&post=656"},{"taxonomy":"post_tag","embeddable":true,"href":"https:\/\/interessatb.com.br\/index.php?rest_route=%2Fwp%2Fv2%2Ftags&post=656"}],"curies":[{"name":"wp","href":"https:\/\/api.w.org\/{rel}","templated":true}]}}