{"id":669,"date":"2021-11-27T10:51:43","date_gmt":"2021-11-27T13:51:43","guid":{"rendered":"https:\/\/interessatb.com.br\/?p=669"},"modified":"2022-08-18T22:44:40","modified_gmt":"2022-08-19T01:44:40","slug":"projeto-container-cultural-chega-a-telemaco-borba-neste-dia-03-12","status":"publish","type":"post","link":"https:\/\/interessatb.com.br\/?p=669","title":{"rendered":"Projeto Container Cultural chega a Tel\u00eamaco Borba neste dia 03\/12"},"content":{"rendered":"\n<p>O&nbsp;<strong>Projeto Container Cultural<\/strong> chega \u00e0 sua 3\u00aa edi\u00e7\u00e3o e j\u00e1 passou&nbsp;por 16 cidades do interior do Paran\u00e1, al\u00e9m de ter realizado uma mostra on-line. <strong>&nbsp;<\/strong>Chega a Tel\u00eamaco Borba no dia 3 de dezembro, \u00e0s 19hs, no Centro de Conviv\u00eancia do Adolescente e da Juventude, em frente \u00e0 trincheira do Jardim Bandeirantes, na PR 160. <\/p>\n\n\n<div class=\"wp-block-image\">\n<figure class=\"alignleft size-full is-resized\"><img loading=\"lazy\" decoding=\"async\" src=\"http:\/\/interessatb.com.br\/wp-content\/uploads\/2021\/12\/Polo-Tecnologico-de-Software-3.png\" alt=\"\" class=\"wp-image-1085\" width=\"330\" height=\"341\"\/><\/figure>\n<\/div>\n\n\n<p>No dia do evento acontecer\u00e3o diversas a\u00e7\u00f5es gratuitas que incluem apresenta\u00e7\u00e3o de espet\u00e1culo, oficina, campanha de arrecada\u00e7\u00e3o de livros, multiplicadores culturais e apresenta\u00e7\u00e3o de artistas locais. Todas as atividades ser\u00e3o gratuitas e&nbsp;estar\u00e3o concentradas num container criado especialmente para o projeto. Como parte de suas atividades, haver\u00e1 apresenta\u00e7\u00e3o do espet\u00e1culo &#8220;Entre Tangos e Fandangos&#8221;, escrito por Joanita Ramos e dirigido por Mauro Zanatta. <\/p>\n\n\n\n<p><strong>Veja tamb\u00e9m<\/strong><\/p>\n\n\n\n<p><a href=\"https:\/\/interessatb.com.br\/2021\/11\/06\/quem-foi-gomarabica\/\">Quem foi Gomar\u00e1bica?<\/a><\/p>\n\n\n\n<p><a href=\"https:\/\/interessatb.com.br\/2021\/11\/18\/em-evento-concorrido-e-lancado-neste-dia-17-o-comite-vale-do-tibagi-com-presenca-de-prefeitos-da-regiao\/\">Em evento concorrido \u00e9 lan\u00e7ado neste dia 17 o Comit\u00ea Vale do Tibagi, com presen\u00e7a de prefeitos da regi\u00e3o<\/a><\/p>\n\n\n\n<p>Antes da pe\u00e7a, haver\u00e1 apresenta\u00e7\u00e3o de artistas&nbsp;locais convidados. O projeto tem patroc\u00ednio de Ademicon, CCR RodoNorte e Instituto CCR e realiza\u00e7\u00e3o de: Container Cultural, Rumo de Cultura, Secretaria Especial da Cultura, Minist\u00e9rio da Cidadania e Governo Federal.<\/p>\n\n\n\n<p>No mesmo dia, das 14h \u00e0s 18h, no Centro de Conviv\u00eancia da Juventude, acontece gratuitamente a oficina Contar Hist\u00f3rias \u2013 A Arte do Encontro, com Richard Rebelo. Na oficina de conta\u00e7\u00e3o de hist\u00f3rias ser\u00e3o abordado aspectos que dizem respeito \u00e0 atua\u00e7\u00e3o do contador de hist\u00f3rias. Contar hist\u00f3rias para promover uma experi\u00eancia e atuar como agente sensibilizador do p\u00fablico para assim transmitir um valor. As inscri\u00e7\u00f5es devem ser realizadas pelo link&nbsp;<a href=\"https:\/\/linktr.ee\/rumodecultura\">https:\/\/linktr.ee\/rumodecultura<\/a>&nbsp;.<\/p>\n","protected":false},"excerpt":{"rendered":"<div class=\"mh-excerpt\"><p>O&nbsp;Projeto Container Cultural chega \u00e0 sua 3\u00aa edi\u00e7\u00e3o e j\u00e1 passou&nbsp;por 16 cidades do interior do Paran\u00e1, al\u00e9m de ter realizado uma mostra on-line. &nbsp;Chega <a class=\"mh-excerpt-more\" href=\"https:\/\/interessatb.com.br\/?p=669\" title=\"Projeto Container Cultural chega a Tel\u00eamaco Borba neste dia 03\/12\">[&#8230;]<\/a><\/p>\n<\/div>","protected":false},"author":1,"featured_media":1095,"comment_status":"closed","ping_status":"closed","sticky":false,"template":"","format":"standard","meta":{"footnotes":""},"categories":[2,19],"tags":[],"class_list":["post-669","post","type-post","status-publish","format-standard","has-post-thumbnail","hentry","category-cidade","category-cultura"],"_links":{"self":[{"href":"https:\/\/interessatb.com.br\/index.php?rest_route=\/wp\/v2\/posts\/669","targetHints":{"allow":["GET"]}}],"collection":[{"href":"https:\/\/interessatb.com.br\/index.php?rest_route=\/wp\/v2\/posts"}],"about":[{"href":"https:\/\/interessatb.com.br\/index.php?rest_route=\/wp\/v2\/types\/post"}],"author":[{"embeddable":true,"href":"https:\/\/interessatb.com.br\/index.php?rest_route=\/wp\/v2\/users\/1"}],"replies":[{"embeddable":true,"href":"https:\/\/interessatb.com.br\/index.php?rest_route=%2Fwp%2Fv2%2Fcomments&post=669"}],"version-history":[{"count":1,"href":"https:\/\/interessatb.com.br\/index.php?rest_route=\/wp\/v2\/posts\/669\/revisions"}],"predecessor-version":[{"id":1096,"href":"https:\/\/interessatb.com.br\/index.php?rest_route=\/wp\/v2\/posts\/669\/revisions\/1096"}],"wp:featuredmedia":[{"embeddable":true,"href":"https:\/\/interessatb.com.br\/index.php?rest_route=\/wp\/v2\/media\/1095"}],"wp:attachment":[{"href":"https:\/\/interessatb.com.br\/index.php?rest_route=%2Fwp%2Fv2%2Fmedia&parent=669"}],"wp:term":[{"taxonomy":"category","embeddable":true,"href":"https:\/\/interessatb.com.br\/index.php?rest_route=%2Fwp%2Fv2%2Fcategories&post=669"},{"taxonomy":"post_tag","embeddable":true,"href":"https:\/\/interessatb.com.br\/index.php?rest_route=%2Fwp%2Fv2%2Ftags&post=669"}],"curies":[{"name":"wp","href":"https:\/\/api.w.org\/{rel}","templated":true}]}}