{"id":700,"date":"2021-12-08T03:13:14","date_gmt":"2021-12-08T06:13:14","guid":{"rendered":"https:\/\/interessatb.com.br\/?p=700"},"modified":"2022-08-27T21:01:33","modified_gmt":"2022-08-28T00:01:33","slug":"projeto-polo-de-software-para-telemaco-borba-e-regiao-e-apresentado-para-empresarios-do-segmento-em-curitiba","status":"publish","type":"post","link":"https:\/\/interessatb.com.br\/?p=700","title":{"rendered":"Projeto Polo de Software para Tel\u00eamaco Borba e regi\u00e3o \u00e9 apresentado para empres\u00e1rios do segmento em Curitiba"},"content":{"rendered":"\n<p>Em evento estadual promovido pelo SEBRAE PR dia 02\/12 para o setor de tecnologia, Tel\u00eamaco Borba foi representada a convite com o projeto Polo de Software. Na ocasi\u00e3o participaram institui\u00e7\u00f5es p\u00fablicas e privadas, associa\u00e7\u00f5es da \u00e1rea de tecnologia e empres\u00e1rios representando as diversas regi\u00f5es do estado.<\/p>\n\n\n\n<p>Destaque para a presen\u00e7a da Software By Maring\u00e1, associa\u00e7\u00e3o que engloba as empresas de TIC da regi\u00e3o noroeste, a prefeitura de Maring\u00e1 com seu ISS Tecnol\u00f3gico, a APL de software de Londrina, empres\u00e1rios da regi\u00e3o de Cascavel, Guarapuava, Pato Branco e Curitiba. O evento durou o dia todo e todos os participantes puderam interagir, apresentar seus projetos e sinalizar parcerias.<\/p>\n\n\n<div class=\"wp-block-image\">\n<figure class=\"alignleft size-full\"><img loading=\"lazy\" decoding=\"async\" width=\"300\" height=\"250\" src=\"http:\/\/interessatb.com.br\/wp-content\/uploads\/2022\/03\/baixa_resolucao_castelo.png\" alt=\"\" class=\"wp-image-987\"\/><\/figure>\n<\/div>\n\n\n<p>Tel\u00eamaco Borba foi convidada a participar devido ao projeto do Polo de Software. Esta \u00e9 uma iniciativa de empres\u00e1rios locais e que conta com o apoio de institui\u00e7\u00f5es como o SEBRAE, SENAI, ACITEL, Comit\u00ea Gestor Vale do Tibagi, Ag\u00eancia da Madeira, al\u00e9m do Instituto Federal do Paran\u00e1 Campus de Tel\u00eamaco Borba e Governo do Paran\u00e1.<\/p>\n\n\n\n<p><strong>Veja tamb\u00e9m<\/strong><\/p>\n\n\n\n<p><a href=\"https:\/\/interessatb.com.br\/?p=693\">Empresas de Tel\u00eamaco Borba se re\u00fanem em rodada de neg\u00f3cios<\/a><\/p>\n\n\n\n<p><a href=\"https:\/\/interessatb.com.br\/?p=427\">Governo estadual divulga programa para desenvolvimento de neg\u00f3cios baseados em Ci\u00eancia, Tecnologia e Inova\u00e7\u00e3o<\/a><\/p>\n\n\n\n<p>Na pr\u00f3xima ter\u00e7a-feira, dia 14\/12 \u00e0s 18hs haver\u00e1 o evento de lan\u00e7amento do Polo Tecnol\u00f3gico de Software, compren\u00e7a confirmada do Superintendente Geral de Ci\u00eancia, Tecnologia e Ensino Superior, Seti-PR, do governo do Paran\u00e1. O evento \u00e9 aberto a empres\u00e1rios, investidores, empreendedores, institui\u00e7\u00f5es de ensino que ofertem TIC, docentes e discentes com interesse na \u00e1rea.<\/p>\n\n\n\n<p> <\/p>\n\n\n\n<p><\/p>\n","protected":false},"excerpt":{"rendered":"<div class=\"mh-excerpt\"><p>Em evento estadual promovido pelo SEBRAE PR dia 02\/12 para o setor de tecnologia, Tel\u00eamaco Borba foi representada a convite com o projeto Polo de <a class=\"mh-excerpt-more\" href=\"https:\/\/interessatb.com.br\/?p=700\" title=\"Projeto Polo de Software para Tel\u00eamaco Borba e regi\u00e3o \u00e9 apresentado para empres\u00e1rios do segmento em Curitiba\">[&#8230;]<\/a><\/p>\n<\/div>","protected":false},"author":1,"featured_media":1058,"comment_status":"closed","ping_status":"closed","sticky":false,"template":"","format":"standard","meta":{"footnotes":""},"categories":[20,12,14],"tags":[],"class_list":["post-700","post","type-post","status-publish","format-standard","has-post-thumbnail","hentry","category-industria-e-comercio","category-parana","category-regiao"],"_links":{"self":[{"href":"https:\/\/interessatb.com.br\/index.php?rest_route=\/wp\/v2\/posts\/700","targetHints":{"allow":["GET"]}}],"collection":[{"href":"https:\/\/interessatb.com.br\/index.php?rest_route=\/wp\/v2\/posts"}],"about":[{"href":"https:\/\/interessatb.com.br\/index.php?rest_route=\/wp\/v2\/types\/post"}],"author":[{"embeddable":true,"href":"https:\/\/interessatb.com.br\/index.php?rest_route=\/wp\/v2\/users\/1"}],"replies":[{"embeddable":true,"href":"https:\/\/interessatb.com.br\/index.php?rest_route=%2Fwp%2Fv2%2Fcomments&post=700"}],"version-history":[{"count":4,"href":"https:\/\/interessatb.com.br\/index.php?rest_route=\/wp\/v2\/posts\/700\/revisions"}],"predecessor-version":[{"id":1556,"href":"https:\/\/interessatb.com.br\/index.php?rest_route=\/wp\/v2\/posts\/700\/revisions\/1556"}],"wp:featuredmedia":[{"embeddable":true,"href":"https:\/\/interessatb.com.br\/index.php?rest_route=\/wp\/v2\/media\/1058"}],"wp:attachment":[{"href":"https:\/\/interessatb.com.br\/index.php?rest_route=%2Fwp%2Fv2%2Fmedia&parent=700"}],"wp:term":[{"taxonomy":"category","embeddable":true,"href":"https:\/\/interessatb.com.br\/index.php?rest_route=%2Fwp%2Fv2%2Fcategories&post=700"},{"taxonomy":"post_tag","embeddable":true,"href":"https:\/\/interessatb.com.br\/index.php?rest_route=%2Fwp%2Fv2%2Ftags&post=700"}],"curies":[{"name":"wp","href":"https:\/\/api.w.org\/{rel}","templated":true}]}}