{"id":705,"date":"2021-12-11T07:25:47","date_gmt":"2021-12-11T10:25:47","guid":{"rendered":"https:\/\/interessatb.com.br\/?p=705"},"modified":"2022-08-27T20:59:46","modified_gmt":"2022-08-27T23:59:46","slug":"oh-insensatos-que-somos-por-degradar-a-natureza","status":"publish","type":"post","link":"https:\/\/interessatb.com.br\/?p=705","title":{"rendered":"Oh, insensatos que somos, por degradar a natureza"},"content":{"rendered":"<div class=\"wp-block-image is-style-rounded\">\n<figure class=\"alignleft size-full is-resized\"><img loading=\"lazy\" decoding=\"async\" src=\"http:\/\/interessatb.com.br\/wp-content\/uploads\/2022\/03\/Jacir-J-Venturi-Mercury.jpg\" alt=\"\" class=\"wp-image-971\" width=\"64\" height=\"70\"\/><\/figure>\n<\/div>\n\n\n<p>Jacir Venturi*<\/p>\n\n\n\n<p>O meio ambiente sustenta a vida e degrad\u00e1-lo compromete o nosso futuro \u2013 nada mais \u00f3bvio. Ademais, o bem-estar que nossos filhos e netos ter\u00e3o ou n\u00e3o, daqui a 20 ou 50 anos, depende diretamente de como tratamos o planeta hoje. \u201cA Terra n\u00e3o nos pertence. Ela foi emprestada de nossos filhos\u201d, se faz oportuno um cacique ind\u00edgena norte-americano, em frase proferida h\u00e1 mais de um s\u00e9culo.<br><br>O ser humano se autoproclama inteligente, mas na verdade \u00e9 insensato e paradoxal, para n\u00e3o dizer est\u00fapido, por contaminar a \u00e1gua que bebe, o ar que respira e o solo do qual obt\u00e9m alimentos, por destruir de forma desmesurada as florestas, as plantas e os animais.<br><br>Um estudo do Fundo Mundial para a Natureza (WWF) estima que foram ultrapassados em muito os limites de explora\u00e7\u00e3o que o planeta pode suportar sem ser degradado. A Terra j\u00e1 n\u00e3o mais nos aguenta. Para voltar ao equil\u00edbrio precisar\u00edamos de 1,5 Terra. \u00c9 a marcha da insensatez do ser humano consumista, utilitarista, predador.<\/p>\n\n\n<div class=\"wp-block-image\">\n<figure class=\"alignleft size-full is-resized\"><img loading=\"lazy\" decoding=\"async\" src=\"http:\/\/interessatb.com.br\/wp-content\/uploads\/2022\/03\/Lapidar1.png\" alt=\"\" class=\"wp-image-974\" width=\"329\" height=\"402\"\/><\/figure>\n<\/div>\n\n\n<p>E a M\u00e3e Natureza sabe ser pedag\u00f3gica, pois a um s\u00f3 tempo \u00e9 agradecida e dadivosa com quem a trata bem, em contrapartida \u00e9 incisiva e veemente na rea\u00e7\u00e3o quando agredida. Eventos meteorol\u00f3gicos extremos, como inunda\u00e7\u00f5es, secas, inc\u00eandios, tuf\u00f5es, furac\u00f5es, s\u00e3o exemplos eloquentes de cat\u00e1strofes naturais e o incremento deles no decurso das \u00faltimas d\u00e9cadas, como consequ\u00eancia da a\u00e7\u00e3o humana, \u00e9 incontest\u00e1vel.<br><br>Os desastres naturais custaram \u00e0 economia mundial quase US$ 3 trilh\u00f5es entre 1998 e 2017, conforme publica\u00e7\u00e3o da ONU em colabora\u00e7\u00e3o com a Universidade Cat\u00f3lica de Louvain, na B\u00e9lgica. No Brasil, as perdas chegaram a US$ 15,7 bilh\u00f5es no mesmo per\u00edodo. O estudo demonstra ainda que o n\u00famero de pessoas afetadas e que necessitaram de algum tipo de ajuda emergencial chega perto dos 4,4 bilh\u00f5es, seja por mortes, seja por ferimentos ou falta de abrigo.<br><br>De 1970 a 2019 (50 anos cheios) mais que dobrou a popula\u00e7\u00e3o mundial \u2013 de 3,7 bilh\u00f5es para 7,8. Na mesma propor\u00e7\u00e3o, a emiss\u00e3o de CO2 (di\u00f3xido de carbono), no mesmo per\u00edodo, partiu de 15 bilh\u00f5es de toneladas para 34, fruto do uso de combust\u00edveis f\u00f3sseis e processos industriais. Desse total, coube ao Brasil, no mesmo per\u00edodo, a emiss\u00e3o de 2,18 bilh\u00f5es de toneladas deste g\u00e1s, ocupando assim o 5\u00ba lugar no mundo, atr\u00e1s de China, EUA, \u00cdndia e R\u00fassia.<br><br>Segundo a Organiza\u00e7\u00e3o Meteorol\u00f3gica Mundial, a \u00faltima d\u00e9cada foi a mais quente da qual se tem registro. Em consequ\u00eancia, o Brasil est\u00e1 secando. Nos \u00faltimos 35 anos, o pa\u00eds perdeu 16% da superf\u00edcie de \u00e1gua e as queimadas atingiram 20% do territ\u00f3rio nacional, conforme relat\u00f3rio do MapBiomas. Os reservat\u00f3rios de nossas usinas hidrel\u00e9tricas est\u00e3o no menor n\u00edvel hist\u00f3rico. Com efeito, uma nova bandeira tarif\u00e1ria, chamada \u201cescassez h\u00eddrica\u201d, precisou ser criada, pois nem a bandeira vermelha est\u00e1 mais dando conta dos custos da energia mais cara devido ao acionamento das custosas e poluentes termel\u00e9tricas.<br><br>Semelhantemente, os sinais ag\u00f4nicos de nossos rios justificam o neologismo \u201chidroc\u00eddio\u201d. Em um dos biomas de maior diversidade do mundo \u2013 a Mata Atl\u00e2ntica \u2013, restam apenas 7,3% da cobertura original. Constatam-se terras estorricadas por secas e queimadas cada vez mais severas aqui e em todo o mundo. \u201cQuando a Terra j\u00e1 estiver desertificada \u00e9 que o ser humano vai aprender que n\u00e3o se come dinheiro\u201d \u2013 se faz oportuna a escritora Rose Marie Muraro.<\/p>\n\n\n\n<p><strong>Veja tamb\u00e9m<\/strong><\/p>\n\n\n\n<p><a href=\"https:\/\/interessatb.com.br\/?p=552\">A falta de profissionais t\u00e9cnicos: do gargalo ao apag\u00e3o<\/a><\/p>\n\n\n\n<p><a href=\"https:\/\/interessatb.com.br\/?p=678\">Jo\u00e3o Maria Rodrigues, pastor s\u00eanior da Igreja Batista Betel de T. Borba lan\u00e7a seu 5\u00ba livro em noite de celebra\u00e7\u00e3o<\/a><\/p>\n\n\n\n<p><a href=\"https:\/\/interessatb.com.br\/?p=561\">Quem foi Gomar\u00e1bica?<\/a><br><br>Os mares est\u00e3o ficando mais \u00e1cidos. A altera\u00e7\u00e3o do pH se deve ao excesso de g\u00e1s carb\u00f4nico, afetando a produ\u00e7\u00e3o de micro-organismos e pl\u00e2nctons que est\u00e3o na base da cadeia alimentar de muitos seres vivos dos ecossistemas marinhos. Ademais, h\u00e1 o progressivo degelo dos glaciares e a eleva\u00e7\u00e3o do mar em 20 cm desde 1900.<br><br>Kilimanjaro, o monte mais alto da \u00c1frica, deve perder totalmente a cobertura de gelo at\u00e9 2030, em processo acelerado de derretimento nas \u00faltimas d\u00e9cadas. \u00c9 ir\u00f4nico, pois, na l\u00edngua nativa da Tanz\u00e2nia, o verbete kilimanjaro significa \u201co monte das neves eternas\u201d. Aquele povo primitivo s\u00f3 n\u00e3o imaginava que o ser humano contempor\u00e2neo \u2013 que se autoproclama civilizado \u2013 pudesse subverter os sagrados ditames do t\u00eanue equil\u00edbrio ambiental.<br><br>A bem da verdade, o planeta n\u00e3o poder\u00e1 ser salvo apenas pelos governos ou ONGs, ou pela nossa comisera\u00e7\u00e3o e discursos nas m\u00eddias sociais, mas pelas a\u00e7\u00f5es concretas de cada um de n\u00f3s. N\u00e3o basta condoer-se com o desmatamento da Floresta Amaz\u00f4nica, com a morte dos ursos polares, com a extin\u00e7\u00e3o do mico-le\u00e3o-dourado. \u00c9 preciso que deixemos de vislumbrar o aquecimento global como uma hip\u00f3tese te\u00f3rica e a sustentabilidade como um mero discurso politicamente correto. \u00c9 preciso que pratiquemos o b\u00e1sico, como a destina\u00e7\u00e3o correta do lixo, o uso respons\u00e1vel e comedido da \u00e1gua e da energia el\u00e9trica. \u00c9 preciso que cada um de n\u00f3s esteja disposto a arcar com um produto mais caro, mas que \u00e9 produzindo respeitando o ambiente, em detrimento do mais barato, por\u00e9m n\u00e3o biodegrad\u00e1vel. Em n\u00e3o o fazendo, vamos nos autoproclamar homo stupidus em vez de homo sapiens.<br><br>(*) <em>Jacir J. Venturi, autor de livros, vice-presidente do Conselho de Educa\u00e7\u00e3o do PR, foi diretor de escola e professor de Ensino Fundamental, Ensino M\u00e9dio e Pr\u00e9-vestibular<\/em><\/p>\n","protected":false},"excerpt":{"rendered":"<div class=\"mh-excerpt\"><p>Jacir Venturi* O meio ambiente sustenta a vida e degrad\u00e1-lo compromete o nosso futuro \u2013 nada mais \u00f3bvio. Ademais, o bem-estar que nossos filhos e <a class=\"mh-excerpt-more\" href=\"https:\/\/interessatb.com.br\/?p=705\" title=\"Oh, insensatos que somos, por degradar a natureza\">[&#8230;]<\/a><\/p>\n<\/div>","protected":false},"author":1,"featured_media":1068,"comment_status":"closed","ping_status":"closed","sticky":false,"template":"","format":"standard","meta":{"footnotes":""},"categories":[3,9],"tags":[],"class_list":["post-705","post","type-post","status-publish","format-standard","has-post-thumbnail","hentry","category-colunistas","category-colunista-jacir-venturi"],"_links":{"self":[{"href":"https:\/\/interessatb.com.br\/index.php?rest_route=\/wp\/v2\/posts\/705","targetHints":{"allow":["GET"]}}],"collection":[{"href":"https:\/\/interessatb.com.br\/index.php?rest_route=\/wp\/v2\/posts"}],"about":[{"href":"https:\/\/interessatb.com.br\/index.php?rest_route=\/wp\/v2\/types\/post"}],"author":[{"embeddable":true,"href":"https:\/\/interessatb.com.br\/index.php?rest_route=\/wp\/v2\/users\/1"}],"replies":[{"embeddable":true,"href":"https:\/\/interessatb.com.br\/index.php?rest_route=%2Fwp%2Fv2%2Fcomments&post=705"}],"version-history":[{"count":3,"href":"https:\/\/interessatb.com.br\/index.php?rest_route=\/wp\/v2\/posts\/705\/revisions"}],"predecessor-version":[{"id":1554,"href":"https:\/\/interessatb.com.br\/index.php?rest_route=\/wp\/v2\/posts\/705\/revisions\/1554"}],"wp:featuredmedia":[{"embeddable":true,"href":"https:\/\/interessatb.com.br\/index.php?rest_route=\/wp\/v2\/media\/1068"}],"wp:attachment":[{"href":"https:\/\/interessatb.com.br\/index.php?rest_route=%2Fwp%2Fv2%2Fmedia&parent=705"}],"wp:term":[{"taxonomy":"category","embeddable":true,"href":"https:\/\/interessatb.com.br\/index.php?rest_route=%2Fwp%2Fv2%2Fcategories&post=705"},{"taxonomy":"post_tag","embeddable":true,"href":"https:\/\/interessatb.com.br\/index.php?rest_route=%2Fwp%2Fv2%2Ftags&post=705"}],"curies":[{"name":"wp","href":"https:\/\/api.w.org\/{rel}","templated":true}]}}