{"id":726,"date":"2021-12-16T06:12:57","date_gmt":"2021-12-16T09:12:57","guid":{"rendered":"https:\/\/interessatb.com.br\/?p=726"},"modified":"2022-08-27T20:54:24","modified_gmt":"2022-08-27T23:54:24","slug":"ifpr-de-telemaco-borba-com-inscricoes-abertas-para-cursos-superiores-ate-13-de-janeiro","status":"publish","type":"post","link":"https:\/\/interessatb.com.br\/?p=726","title":{"rendered":"IFPR de Tel\u00eamaco Borba com inscri\u00e7\u00f5es abertas para cursos superiores at\u00e9 13 de janeiro"},"content":{"rendered":"\n<p>As inscri\u00e7\u00f5es tiveram in\u00edcio ontem, 15, com oferta para os cursos de gradua\u00e7\u00e3o: Tecnologia em An\u00e1lise e Desenvolvimento de Sistemas, Licenciatura em F\u00edsica, Bacharelado em Engenharia El\u00e9trica, Tecnologia em Automa\u00e7\u00e3o Industrial  e Tecnologia em Manuten\u00e7\u00e3o Industrial, e poder\u00e3o ser realizadas pela internet, com taxa de inscri\u00e7\u00e3o de 50 reais. \u00c9 poss\u00edvel solicitar a isen\u00e7\u00e3o, nos casos previstos no <a href=\"https:\/\/sei.ifpr.edu.br\/sei\/modulos\/pesquisa\/md_pesq_documento_consulta_externa.php?9LibXMqGnN7gSpLFOOgUQFziRouBJ5VnVL5b7-UrE5THjc8SHKClXCtHdmAs5kwE2fgFlpcZvlNXnjvi4FCNQXpvKzw9oorrMHovSbGKSwZ0eDNH80JOY3KgcT6gArPc\">edital<\/a>.<\/p>\n\n\n<div class=\"wp-block-image\">\n<figure class=\"alignleft size-full is-resized\"><img loading=\"lazy\" decoding=\"async\" src=\"http:\/\/interessatb.com.br\/wp-content\/uploads\/2022\/03\/Lapidar1.png\" alt=\"\" class=\"wp-image-974\" width=\"329\" height=\"402\"\/><\/figure>\n<\/div>\n\n\n<p>O processo seletivo acontecer\u00e1 por meio de provas presenciais com previs\u00e3o para acontecer em 06 de mar\u00e7o de 2022. A partir do dia 25 de fevereiro ser\u00e1 divulgada a lista dos candidatos com inscri\u00e7\u00e3o homologada e que estar\u00e3o aptos a realizar a prova. <a href=\"http:\/\/concursos.funtefpr.org.br\/ifpr2022\/\">Clique aqui<\/a> para ter acesso ao cronograma completo do processo seletivo e realizar as inscri\u00e7\u00f5es. <\/p>\n\n\n\n<p><strong>Veja tamb\u00e9m<\/strong><\/p>\n\n\n\n<p><a href=\"https:\/\/interessatb.com.br\/?p=719\">1\u00aa Feira do Com\u00e9rcio movimenta Ortigueira<\/a><\/p>\n\n\n\n<p><a href=\"https:\/\/interessatb.com.br\/?p=693\">Empresas de Tel\u00eamaco Borba se re\u00fanem em rodada de neg\u00f3cios<\/a><\/p>\n\n\n\n<p><a href=\"https:\/\/interessatb.com.br\/?p=678\">Jo\u00e3o Maria Rodrigues, pastor s\u00eanior da Igreja Batista Betel de T. Borba lan\u00e7a seu 5\u00ba livro em noite de celebra\u00e7\u00e3o<\/a><\/p>\n\n\n\n<p>Em rela\u00e7\u00e3o \u00e0 disputa dos candidatos pelas vagas ofertadas, 60% s\u00e3o reservadas para estudantes de escolas p\u00fablicas. Existem vagas reservadas tamb\u00e9m  para candidatos autodeclarados pretos, pardos e ind\u00edgenas e com defici\u00eancia, que passar\u00e3o por avalia\u00e7\u00e3o de banca de valida\u00e7\u00e3o, conforme o <a href=\"https:\/\/sei.ifpr.edu.br\/sei\/modulos\/pesquisa\/md_pesq_documento_consulta_externa.php?9LibXMqGnN7gSpLFOOgUQFziRouBJ5VnVL5b7-UrE5THjc8SHKClXCtHdmAs5kwE2fgFlpcZvlNXnjvi4FCNQXpvKzw9oorrMHovSbGKSwZ0eDNH80JOY3KgcT6gArPc\">edital<\/a> do PSS. 20% das vagas s\u00e3o destinadas \u00e0 ampla concorr\u00eancia, para os candidatos que n\u00e3o se enquadram nas condi\u00e7\u00f5es anteriores.<\/p>\n\n\n\n<p>Outras informa\u00e7\u00f5es sobre este processo seletivo podem ser encontrados na <a href=\"https:\/\/telemaco.ifpr.edu.br\/2021\/12\/15\/27063\/\">p\u00e1gina do IFPR<\/a> Campus de Tel\u00eamaco Borba.<\/p>\n\n\n\n<p><\/p>\n","protected":false},"excerpt":{"rendered":"<div class=\"mh-excerpt\"><p>As inscri\u00e7\u00f5es tiveram in\u00edcio ontem, 15, com oferta para os cursos de gradua\u00e7\u00e3o: Tecnologia em An\u00e1lise e Desenvolvimento de Sistemas, Licenciatura em F\u00edsica, Bacharelado em <a class=\"mh-excerpt-more\" href=\"https:\/\/interessatb.com.br\/?p=726\" title=\"IFPR de Tel\u00eamaco Borba com inscri\u00e7\u00f5es abertas para cursos superiores at\u00e9 13 de janeiro\">[&#8230;]<\/a><\/p>\n<\/div>","protected":false},"author":1,"featured_media":1063,"comment_status":"closed","ping_status":"closed","sticky":false,"template":"","format":"standard","meta":{"footnotes":""},"categories":[5,14],"tags":[],"class_list":["post-726","post","type-post","status-publish","format-standard","has-post-thumbnail","hentry","category-educacao","category-regiao"],"_links":{"self":[{"href":"https:\/\/interessatb.com.br\/index.php?rest_route=\/wp\/v2\/posts\/726","targetHints":{"allow":["GET"]}}],"collection":[{"href":"https:\/\/interessatb.com.br\/index.php?rest_route=\/wp\/v2\/posts"}],"about":[{"href":"https:\/\/interessatb.com.br\/index.php?rest_route=\/wp\/v2\/types\/post"}],"author":[{"embeddable":true,"href":"https:\/\/interessatb.com.br\/index.php?rest_route=\/wp\/v2\/users\/1"}],"replies":[{"embeddable":true,"href":"https:\/\/interessatb.com.br\/index.php?rest_route=%2Fwp%2Fv2%2Fcomments&post=726"}],"version-history":[{"count":3,"href":"https:\/\/interessatb.com.br\/index.php?rest_route=\/wp\/v2\/posts\/726\/revisions"}],"predecessor-version":[{"id":1551,"href":"https:\/\/interessatb.com.br\/index.php?rest_route=\/wp\/v2\/posts\/726\/revisions\/1551"}],"wp:featuredmedia":[{"embeddable":true,"href":"https:\/\/interessatb.com.br\/index.php?rest_route=\/wp\/v2\/media\/1063"}],"wp:attachment":[{"href":"https:\/\/interessatb.com.br\/index.php?rest_route=%2Fwp%2Fv2%2Fmedia&parent=726"}],"wp:term":[{"taxonomy":"category","embeddable":true,"href":"https:\/\/interessatb.com.br\/index.php?rest_route=%2Fwp%2Fv2%2Fcategories&post=726"},{"taxonomy":"post_tag","embeddable":true,"href":"https:\/\/interessatb.com.br\/index.php?rest_route=%2Fwp%2Fv2%2Ftags&post=726"}],"curies":[{"name":"wp","href":"https:\/\/api.w.org\/{rel}","templated":true}]}}