{"id":741,"date":"2021-12-17T08:07:51","date_gmt":"2021-12-17T11:07:51","guid":{"rendered":"https:\/\/interessatb.com.br\/?p=741"},"modified":"2022-08-27T21:03:28","modified_gmt":"2022-08-28T00:03:28","slug":"projeto-polo-tecnologico-de-software-foi-lancado-oficialmente-em-telemaco-borba","status":"publish","type":"post","link":"https:\/\/interessatb.com.br\/?p=741","title":{"rendered":"Projeto Polo Tecnol\u00f3gico de Software  foi lan\u00e7ado oficialmente em Tel\u00eamaco Borba"},"content":{"rendered":"\n<p>Com a presen\u00e7a do Superintendente Geral de Ci\u00eancia, Tecnologia e Ensino Superior do Governo do Estado do Paran\u00e1, foi lan\u00e7ado oficialmente nesta ter\u00e7a-feira, 14, o projeto Polo Tecnol\u00f3gico de Software para Tel\u00eamaco Borba e regi\u00e3o. <\/p>\n\n\n\n<p>O projeto \u00e9 uma iniciativa de empres\u00e1rios da regi\u00e3o para fortalecer o empreendedorismo e novos neg\u00f3cios no setor de tecnologia. Com o lan\u00e7amento oficial do projeto os pr\u00f3ximos passos ser\u00e3o dados a partir de janeiro do pr\u00f3ximo ano, como a\u00e7\u00f5es que estimulem o ambiente favor\u00e1vel de neg\u00f3cios.<\/p>\n\n\n\n<p>O evento contou com a presen\u00e7a das institui\u00e7\u00f5es que apoiam o projeto: Acitel (Sonia Maria Ribeiro &#8211; Presidente), Comit\u00ea Territorial Vale do Tibagi (Ericleia de F\u00e1tima Dlugosz da Silva &#8211; Presidente), Ag\u00eancia da Madeira (Daniel Faretti Lazaro Martinez &#8211; Presidente) e diretores, SENAI (representante), SEBRAE (Maisa Silvestrini &#8211; Gerente regional), Instituto Federal do Paran\u00e1 (Rafael Poltronieri &#8211; Diretor Geral) e Governo do Paran\u00e1 (Aldo Nelson Bona &#8211; Superintendente da Seti). Todos tiveram oportunidade da palavra, momento em que externaram o apoio ao projeto e reconheceram a import\u00e2ncia da iniciativa para o desenvolvimento socioecon\u00f4mico da regi\u00e3o.<\/p>\n\n\n<div class=\"wp-block-image\">\n<figure class=\"alignleft size-full\"><img loading=\"lazy\" decoding=\"async\" width=\"300\" height=\"250\" src=\"http:\/\/interessatb.com.br\/wp-content\/uploads\/2022\/03\/baixa_resolucao_castelo.png\" alt=\"\" class=\"wp-image-987\"\/><\/figure>\n<\/div>\n\n\n<p><strong>Veja tamb\u00e9m<\/strong><\/p>\n\n\n\n<p><a href=\"https:\/\/interessatb.com.br\/?p=624\">Em evento concorrido \u00e9 lan\u00e7ado neste dia 17 o Comit\u00ea Vale do Tibagi, com presen\u00e7a de prefeitos da regi\u00e3o<\/a><\/p>\n\n\n\n<p><a href=\"https:\/\/interessatb.com.br\/?p=427\">Governo estadual divulga programa para desenvolvimento de neg\u00f3cios baseados em Ci\u00eancia, Tecnologia e Inova\u00e7\u00e3o<\/a><\/p>\n\n\n\n<p><a href=\"https:\/\/interessatb.com.br\/?p=700\">Projeto Polo de Software para Tel\u00eamaco Borba e regi\u00e3o \u00e9 apresentado para empres\u00e1rios do segmento em Curitiba<\/a><\/p>\n\n\n\n<p>O empres\u00e1rio Celso de Oliveira, coordenador do projeto, apresentou a proposta para uma plateia repleta de empres\u00e1rios, docentes da \u00e1rea de tecnologia, estudantes, profissionais e empreendedores em busca de oportunidades de investimento. Defendeu que fomentar a ind\u00fastria de tecnologia de software na regi\u00e3o n\u00e3o ir\u00e1 conflitar com outros arranjos produtivos j\u00e1 existentes, visto que o ambiente tecnol\u00f3gico n\u00e3o requer extensas \u00e1reas para ser implementado.<\/p>\n\n\n\n<p>Aldo Nelson Bona, o palestrante da noite, trouxe relevantes informa\u00e7\u00f5es acerca do atual cen\u00e1rio tecnol\u00f3gico no estado do Paran\u00e1 e a atua\u00e7\u00e3o do governo estadual em fomentar iniciativas como o Polo Tecnol\u00f3gico de Software na regi\u00e3o. De forma muito produtiva e pragm\u00e1tica apresentou os programas e projetos que est\u00e3o acontecendo por todo o estado, na \u00e1rea tecnol\u00f3gica e parceria com as universidades estaduais. Conforme suas palavras &#8220;pretendemos retornar ao munic\u00edpio para apoiar esta iniciativa, e colocamos \u00e0 disposi\u00e7\u00e3o a Superintend\u00eancia \u00e0 disposi\u00e7\u00e3o, nas a\u00e7\u00f5es alinhadas \u00e0 miss\u00e3o da pasta&#8221;.<\/p>\n\n\n\n<figure class=\"wp-block-gallery has-nested-images columns-default is-cropped wp-block-gallery-1 is-layout-flex wp-block-gallery-is-layout-flex\">\n<figure class=\"wp-block-image size-full\"><img loading=\"lazy\" decoding=\"async\" width=\"2816\" height=\"1880\" data-id=\"1071\" src=\"http:\/\/interessatb.com.br\/wp-content\/uploads\/2021\/12\/IMG_1321.jpg\" alt=\"\" class=\"wp-image-1071\"\/><\/figure>\n\n\n\n<figure class=\"wp-block-image size-full\"><img loading=\"lazy\" decoding=\"async\" width=\"2816\" height=\"1880\" data-id=\"1073\" src=\"http:\/\/interessatb.com.br\/wp-content\/uploads\/2021\/12\/IMG_1344.jpg\" alt=\"\" class=\"wp-image-1073\"\/><\/figure>\n\n\n\n<figure class=\"wp-block-image size-full\"><img loading=\"lazy\" decoding=\"async\" width=\"2662\" height=\"1777\" data-id=\"1074\" src=\"http:\/\/interessatb.com.br\/wp-content\/uploads\/2021\/12\/IMG_1311.jpg\" alt=\"\" class=\"wp-image-1074\"\/><\/figure>\n\n\n\n<figure class=\"wp-block-image size-full\"><img loading=\"lazy\" decoding=\"async\" width=\"2816\" height=\"1880\" data-id=\"1075\" src=\"http:\/\/interessatb.com.br\/wp-content\/uploads\/2021\/12\/IMG_1353.jpg\" alt=\"\" class=\"wp-image-1075\"\/><\/figure>\n\n\n\n<figure class=\"wp-block-image size-full\"><img loading=\"lazy\" decoding=\"async\" width=\"2816\" height=\"1880\" data-id=\"1076\" src=\"http:\/\/interessatb.com.br\/wp-content\/uploads\/2021\/12\/IMG_1365.jpg\" alt=\"\" class=\"wp-image-1076\"\/><\/figure>\n\n\n\n<figure class=\"wp-block-image size-full\"><img loading=\"lazy\" decoding=\"async\" width=\"2816\" height=\"1880\" data-id=\"1078\" src=\"http:\/\/interessatb.com.br\/wp-content\/uploads\/2021\/12\/IMG_1378.jpg\" alt=\"\" class=\"wp-image-1078\"\/><\/figure>\n\n\n\n<figure class=\"wp-block-image size-full\"><img loading=\"lazy\" decoding=\"async\" width=\"2662\" height=\"1777\" data-id=\"1079\" src=\"http:\/\/interessatb.com.br\/wp-content\/uploads\/2021\/12\/IMG_1414.jpg\" alt=\"\" class=\"wp-image-1079\"\/><\/figure>\n\n\n\n<figure class=\"wp-block-image size-full\"><img loading=\"lazy\" decoding=\"async\" width=\"2453\" height=\"1638\" data-id=\"1080\" src=\"http:\/\/interessatb.com.br\/wp-content\/uploads\/2021\/12\/IMG_1497.jpg\" alt=\"\" class=\"wp-image-1080\"\/><\/figure>\n\n\n\n<figure class=\"wp-block-image size-full\"><img loading=\"lazy\" decoding=\"async\" width=\"2816\" height=\"1880\" data-id=\"1081\" src=\"http:\/\/interessatb.com.br\/wp-content\/uploads\/2021\/12\/IMG_1405.jpg\" alt=\"\" class=\"wp-image-1081\"\/><\/figure>\n<\/figure>\n","protected":false},"excerpt":{"rendered":"<div class=\"mh-excerpt\"><p>Com a presen\u00e7a do Superintendente Geral de Ci\u00eancia, Tecnologia e Ensino Superior do Governo do Estado do Paran\u00e1, foi lan\u00e7ado oficialmente nesta ter\u00e7a-feira, 14, o <a class=\"mh-excerpt-more\" href=\"https:\/\/interessatb.com.br\/?p=741\" title=\"Projeto Polo Tecnol\u00f3gico de Software  foi lan\u00e7ado oficialmente em Tel\u00eamaco Borba\">[&#8230;]<\/a><\/p>\n<\/div>","protected":false},"author":1,"featured_media":1070,"comment_status":"closed","ping_status":"closed","sticky":false,"template":"","format":"standard","meta":{"footnotes":""},"categories":[2,18,20],"tags":[],"class_list":["post-741","post","type-post","status-publish","format-standard","has-post-thumbnail","hentry","category-cidade","category-ciencia-e-tecnologia","category-industria-e-comercio"],"_links":{"self":[{"href":"https:\/\/interessatb.com.br\/index.php?rest_route=\/wp\/v2\/posts\/741","targetHints":{"allow":["GET"]}}],"collection":[{"href":"https:\/\/interessatb.com.br\/index.php?rest_route=\/wp\/v2\/posts"}],"about":[{"href":"https:\/\/interessatb.com.br\/index.php?rest_route=\/wp\/v2\/types\/post"}],"author":[{"embeddable":true,"href":"https:\/\/interessatb.com.br\/index.php?rest_route=\/wp\/v2\/users\/1"}],"replies":[{"embeddable":true,"href":"https:\/\/interessatb.com.br\/index.php?rest_route=%2Fwp%2Fv2%2Fcomments&post=741"}],"version-history":[{"count":4,"href":"https:\/\/interessatb.com.br\/index.php?rest_route=\/wp\/v2\/posts\/741\/revisions"}],"predecessor-version":[{"id":1549,"href":"https:\/\/interessatb.com.br\/index.php?rest_route=\/wp\/v2\/posts\/741\/revisions\/1549"}],"wp:featuredmedia":[{"embeddable":true,"href":"https:\/\/interessatb.com.br\/index.php?rest_route=\/wp\/v2\/media\/1070"}],"wp:attachment":[{"href":"https:\/\/interessatb.com.br\/index.php?rest_route=%2Fwp%2Fv2%2Fmedia&parent=741"}],"wp:term":[{"taxonomy":"category","embeddable":true,"href":"https:\/\/interessatb.com.br\/index.php?rest_route=%2Fwp%2Fv2%2Fcategories&post=741"},{"taxonomy":"post_tag","embeddable":true,"href":"https:\/\/interessatb.com.br\/index.php?rest_route=%2Fwp%2Fv2%2Ftags&post=741"}],"curies":[{"name":"wp","href":"https:\/\/api.w.org\/{rel}","templated":true}]}}