{"id":770,"date":"2021-12-17T18:16:14","date_gmt":"2021-12-17T21:16:14","guid":{"rendered":"https:\/\/interessatb.com.br\/?p=770"},"modified":"2022-08-27T20:49:28","modified_gmt":"2022-08-27T23:49:28","slug":"convenio-entre-klabin-e-governo-do-estado-preve-r-450-milhoes-em-infraestrutura-para-a-regiao-a-partir-de-2022","status":"publish","type":"post","link":"https:\/\/interessatb.com.br\/?p=770","title":{"rendered":"Conv\u00eanio entre Klabin e Governo do Estado prev\u00ea R$ 450 milh\u00f5es em infraestrutura para a regi\u00e3o a partir de 2022"},"content":{"rendered":"\n<p>O termo das obras de infraestrutura, assinado nesta quarta-feira (15), \u00e9 fruto da parceria p\u00fablico-privada com cr\u00e9dito presumido de ICMS. A parceria entre a Klabin, maior produtora e exportadora de pap\u00e9is para embalagens e embalagens de papel do Brasil, e o Governo do Estado, prev\u00ea que os investimentos ser\u00e3o realizados j\u00e1 a partir de 2022.<\/p>\n\n\n\n<p>Entre as obras previstas est\u00e3o a implanta\u00e7\u00e3o de trechos da terceira faixa da PR-160, entre Tel\u00eamaco Borba e Imba\u00fa; a restaura\u00e7\u00e3o e terceira faixa da PR-340, entre Tel\u00eamaco Borba e Tibagi, com a constru\u00e7\u00e3o de duas pontes; a pavimenta\u00e7\u00e3o da margem direita da estrada que liga Harmonia \u00e0 Unidade Puma da Klabin; terceiras faixas na PR-160, entre Tel\u00eamaco Borba e Curi\u00fava, com uma ponte; um contorno em Ventania; e um viaduto no trevo entre as rodovias PR-340 e PR-160. <\/p>\n\n\n<div class=\"wp-block-image\">\n<figure class=\"alignleft size-full is-resized\"><img loading=\"lazy\" decoding=\"async\" src=\"http:\/\/interessatb.com.br\/wp-content\/uploads\/2022\/08\/logo-casotec.png\" alt=\"\" class=\"wp-image-980\" width=\"384\" height=\"320\"\/><\/figure>\n<\/div>\n\n\n<p><strong>Veja tamb\u00e9m<\/strong><\/p>\n\n\n\n<p><a href=\"https:\/\/interessatb.com.br\/?p=741\">Projeto Polo Tecnol\u00f3gico de Software foi lan\u00e7ado oficialmente em Tel\u00eamaco Borba<\/a><\/p>\n\n\n\n<p><a href=\"https:\/\/interessatb.com.br\/?p=656\">Parque Estadual do Guartel\u00e1 ser\u00e1 administrado pela iniciativa privada, em concess\u00e3o de 30 anos<\/a><\/p>\n\n\n\n<p><a href=\"https:\/\/interessatb.com.br\/?p=624\">Em evento concorrido \u00e9 lan\u00e7ado neste dia 17 o Comit\u00ea Vale do Tibagi, com presen\u00e7a de prefeitos da regi\u00e3o<\/a><\/p>\n\n\n\n<p>Segundo o Governador de Estado, Carlos Massa Ratinho J\u00fanior, \u201cEsse \u00e9 o maior investimento em infraestrutura na regi\u00e3o dos Campos Gerais nos \u00faltimos 30 anos. A infraestrutura d\u00e1 uma resposta r\u00e1pida ao desenvolvimento econ\u00f4mico de uma cidade. Naturalmente, novos investimentos come\u00e7am a acontecer na regi\u00e3o&#8221;.<\/p>\n\n\n\n<p>Para Cristiano Teixeira, Diretor-Geral da Klabin, &#8220;O compromisso assumido demonstra que nossos esfor\u00e7os est\u00e3o orientados para o crescimento integrado e respons\u00e1vel, beneficiando as comunidades do entorno das opera\u00e7\u00f5es\u201d. O &nbsp;secret\u00e1rio estadual de Infraestrutura e Log\u00edstica, Sandro Alex afirmou que &#8220;O investimento \u00e9 gigante, um dos maiores da hist\u00f3ria dos Campos Gerais, e garante infraestrutura adequada para a essa regi\u00e3o altamente produtiva, e tamb\u00e9m garante mobilidade, seguran\u00e7a vi\u00e1ria e amplia\u00e7\u00e3o futura com novos investimentos&#8221;.<\/p>\n\n\n\n<p>Em contrapartida aos investimentos em infraestrutura que ser\u00e3o realizados pela Klabin, o Governo do Estado vai conceder cr\u00e9dito presumido de ICMS, limitado ao valor efetivamente investido.<\/p>\n","protected":false},"excerpt":{"rendered":"<div class=\"mh-excerpt\"><p>O termo das obras de infraestrutura, assinado nesta quarta-feira (15), \u00e9 fruto da parceria p\u00fablico-privada com cr\u00e9dito presumido de ICMS. A parceria entre a Klabin, <a class=\"mh-excerpt-more\" href=\"https:\/\/interessatb.com.br\/?p=770\" title=\"Conv\u00eanio entre Klabin e Governo do Estado prev\u00ea R$ 450 milh\u00f5es em infraestrutura para a regi\u00e3o a partir de 2022\">[&#8230;]<\/a><\/p>\n<\/div>","protected":false},"author":1,"featured_media":1055,"comment_status":"closed","ping_status":"closed","sticky":false,"template":"","format":"standard","meta":{"footnotes":""},"categories":[20,12,14],"tags":[],"class_list":["post-770","post","type-post","status-publish","format-standard","has-post-thumbnail","hentry","category-industria-e-comercio","category-parana","category-regiao"],"_links":{"self":[{"href":"https:\/\/interessatb.com.br\/index.php?rest_route=\/wp\/v2\/posts\/770","targetHints":{"allow":["GET"]}}],"collection":[{"href":"https:\/\/interessatb.com.br\/index.php?rest_route=\/wp\/v2\/posts"}],"about":[{"href":"https:\/\/interessatb.com.br\/index.php?rest_route=\/wp\/v2\/types\/post"}],"author":[{"embeddable":true,"href":"https:\/\/interessatb.com.br\/index.php?rest_route=\/wp\/v2\/users\/1"}],"replies":[{"embeddable":true,"href":"https:\/\/interessatb.com.br\/index.php?rest_route=%2Fwp%2Fv2%2Fcomments&post=770"}],"version-history":[{"count":3,"href":"https:\/\/interessatb.com.br\/index.php?rest_route=\/wp\/v2\/posts\/770\/revisions"}],"predecessor-version":[{"id":1547,"href":"https:\/\/interessatb.com.br\/index.php?rest_route=\/wp\/v2\/posts\/770\/revisions\/1547"}],"wp:featuredmedia":[{"embeddable":true,"href":"https:\/\/interessatb.com.br\/index.php?rest_route=\/wp\/v2\/media\/1055"}],"wp:attachment":[{"href":"https:\/\/interessatb.com.br\/index.php?rest_route=%2Fwp%2Fv2%2Fmedia&parent=770"}],"wp:term":[{"taxonomy":"category","embeddable":true,"href":"https:\/\/interessatb.com.br\/index.php?rest_route=%2Fwp%2Fv2%2Fcategories&post=770"},{"taxonomy":"post_tag","embeddable":true,"href":"https:\/\/interessatb.com.br\/index.php?rest_route=%2Fwp%2Fv2%2Ftags&post=770"}],"curies":[{"name":"wp","href":"https:\/\/api.w.org\/{rel}","templated":true}]}}