{"id":777,"date":"2021-12-20T05:34:49","date_gmt":"2021-12-20T08:34:49","guid":{"rendered":"https:\/\/interessatb.com.br\/?p=777"},"modified":"2022-08-27T20:46:41","modified_gmt":"2022-08-27T23:46:41","slug":"proibido-estacionar-no-entorno-da-praca-da-familia-entre-00h-e-06h-da-manha","status":"publish","type":"post","link":"https:\/\/interessatb.com.br\/?p=777","title":{"rendered":"Proibido estacionar no entorno da Pra\u00e7a da Fam\u00edlia entre 00h e 06h da manh\u00e3"},"content":{"rendered":"\n<p>Ap\u00f3s reuni\u00e3o das For\u00e7as de Seguran\u00e7a a Administra\u00e7\u00e3o Municipal divulgou, por meio da Divis\u00e3o Municipal de Tr\u00e2nsito &#8211; TBTran,  a decis\u00e3o de proibir o estacionamento nas vagas p\u00fablicas no entorno da Pra\u00e7a da Fam\u00edlia entre a 00h e 06h da manh\u00e3. A decis\u00e3o j\u00e1 est\u00e1 valendo desde o dia 18 de dezembro, madrugada deste s\u00e1bado.<\/p>\n\n\n\n<p>O prop\u00f3sito da medida, conforme nota da Administra\u00e7\u00e3o Municipal, \u00e9 coibir a aglomera\u00e7\u00e3o de pessoas e carros com som alto na regi\u00e3o, que vem causando perturba\u00e7\u00e3o ao sossego p\u00fablico. O patrulhamento e fiscaliza\u00e7\u00e3o do cumprimento da determina\u00e7\u00e3o estar\u00e1 a cargo da Pol\u00edcia Militar e dos Agentes Municipais de Tr\u00e2nsito.<\/p>\n\n\n<div class=\"wp-block-image\">\n<figure class=\"alignleft size-full is-resized\"><img loading=\"lazy\" decoding=\"async\" src=\"http:\/\/interessatb.com.br\/wp-content\/uploads\/2022\/08\/logo-casotec.png\" alt=\"\" class=\"wp-image-980\" width=\"384\" height=\"320\"\/><\/figure>\n<\/div>\n\n\n<p><strong>Veja tamb\u00e9m<\/strong><\/p>\n\n\n\n<p><a href=\"https:\/\/interessatb.com.br\/?p=770\">Conv\u00eanio entre Klabin e Governo do Estado prev\u00ea R$ 450 milh\u00f5es em infraestrutura para a regi\u00e3o a partir de 2022<\/a><\/p>\n\n\n\n<p><a href=\"https:\/\/interessatb.com.br\/?p=726\">IFPR de Tel\u00eamaco Borba com inscri\u00e7\u00f5es abertas para cursos superiores at\u00e9 13 de janeiro<\/a><\/p>\n\n\n\n<p>O condutor de ve\u00edculo que descumprir a determina\u00e7\u00e3o estar\u00e1 cometendo uma infra\u00e7\u00e3o GRAVE conforme Artigo 181 XVII do C\u00f3digo de Tr\u00e2nsito Brasileiro e poder\u00e1 ser punido com multa no valor de R$ 195,23 (cento e noventa e cinco reais e vinte e tr\u00eas centavos) e 5 (cinco) pontos na CNH e ainda poder\u00e1 ter seu ve\u00edculo recolhido para o P\u00e1tio do 26\u00b0 BPM &#8211; Batalh\u00e3o de Pol\u00edcia Militar.<\/p>\n\n\n\n<p>Com o ver\u00e3o se aproximando e o per\u00edodo de festas de final de ano, o ambiente para aglomera\u00e7\u00e3o no entorno da pra\u00e7a ficou prop\u00edcio, com a exist\u00eancia de diversos estabelecimentos que atendem ao p\u00fablico, dentre eles bares e lanchonetes. O problema detectado \u00e9 o prolongamento das aglomera\u00e7\u00f5es pela madrugada, quando condutores estacionados no entorno mant\u00e9m o som dos ve\u00edculos acima do permitido causando inc\u00f4modo e desconforto aos moradores pr\u00f3ximos.<\/p>\n","protected":false},"excerpt":{"rendered":"<div class=\"mh-excerpt\"><p>Ap\u00f3s reuni\u00e3o das For\u00e7as de Seguran\u00e7a a Administra\u00e7\u00e3o Municipal divulgou, por meio da Divis\u00e3o Municipal de Tr\u00e2nsito &#8211; TBTran, a decis\u00e3o de proibir o estacionamento <a class=\"mh-excerpt-more\" href=\"https:\/\/interessatb.com.br\/?p=777\" title=\"Proibido estacionar no entorno da Pra\u00e7a da Fam\u00edlia entre 00h e 06h da manh\u00e3\">[&#8230;]<\/a><\/p>\n<\/div>","protected":false},"author":1,"featured_media":1053,"comment_status":"closed","ping_status":"closed","sticky":false,"template":"","format":"standard","meta":{"footnotes":""},"categories":[2],"tags":[],"class_list":["post-777","post","type-post","status-publish","format-standard","has-post-thumbnail","hentry","category-cidade"],"_links":{"self":[{"href":"https:\/\/interessatb.com.br\/index.php?rest_route=\/wp\/v2\/posts\/777","targetHints":{"allow":["GET"]}}],"collection":[{"href":"https:\/\/interessatb.com.br\/index.php?rest_route=\/wp\/v2\/posts"}],"about":[{"href":"https:\/\/interessatb.com.br\/index.php?rest_route=\/wp\/v2\/types\/post"}],"author":[{"embeddable":true,"href":"https:\/\/interessatb.com.br\/index.php?rest_route=\/wp\/v2\/users\/1"}],"replies":[{"embeddable":true,"href":"https:\/\/interessatb.com.br\/index.php?rest_route=%2Fwp%2Fv2%2Fcomments&post=777"}],"version-history":[{"count":2,"href":"https:\/\/interessatb.com.br\/index.php?rest_route=\/wp\/v2\/posts\/777\/revisions"}],"predecessor-version":[{"id":1545,"href":"https:\/\/interessatb.com.br\/index.php?rest_route=\/wp\/v2\/posts\/777\/revisions\/1545"}],"wp:featuredmedia":[{"embeddable":true,"href":"https:\/\/interessatb.com.br\/index.php?rest_route=\/wp\/v2\/media\/1053"}],"wp:attachment":[{"href":"https:\/\/interessatb.com.br\/index.php?rest_route=%2Fwp%2Fv2%2Fmedia&parent=777"}],"wp:term":[{"taxonomy":"category","embeddable":true,"href":"https:\/\/interessatb.com.br\/index.php?rest_route=%2Fwp%2Fv2%2Fcategories&post=777"},{"taxonomy":"post_tag","embeddable":true,"href":"https:\/\/interessatb.com.br\/index.php?rest_route=%2Fwp%2Fv2%2Ftags&post=777"}],"curies":[{"name":"wp","href":"https:\/\/api.w.org\/{rel}","templated":true}]}}