{"id":79,"date":"2021-07-20T15:51:20","date_gmt":"2021-07-20T18:51:20","guid":{"rendered":"https:\/\/interessatb.com.br\/?p=79"},"modified":"2022-08-21T11:50:59","modified_gmt":"2022-08-21T14:50:59","slug":"temperatura-cai-e-inverno-mostra-sua-cara-na-cidade","status":"publish","type":"post","link":"https:\/\/interessatb.com.br\/?p=79","title":{"rendered":"Temperatura cai e inverno mostra sua face na cidade"},"content":{"rendered":"\n<p>A madrugada desta ter\u00e7a-feira, 20, foi de frio intenso em Tel\u00eamaco Borba. Em muitos locais a geada que se formou p\u00f4de ser vista at\u00e9 por volta das 9 horas da manh\u00e3. A menor temperatura prevista para hoje, segundo o CIMEPAR, era de 1\u00b0 positivo. A tend\u00eancia para os pr\u00f3ximos dias \u00e9 de tempo firme e temperaturas subindo levemente ao longo da semana. <\/p>\n\n\n\n<p>Geada \u00e9 um fen\u00f4meno atmosf\u00e9rico em que o orvalho \u00e9 congelado e sedimenta sobre as superf\u00edcies do ambiente externo. Por isso as madrugadas com forma\u00e7\u00e3o de geada apresentam-se isentas de neblina ou cerra\u00e7\u00e3o. Sua forma\u00e7\u00e3o \u00e9 favorecida na aus\u00eancia de ventos ou movimenta\u00e7\u00f5es das massas de ar frio.<\/p>\n\n\n\n<figure class=\"wp-block-gallery has-nested-images columns-default is-cropped wp-block-gallery-1 is-layout-flex wp-block-gallery-is-layout-flex\">\n<figure class=\"wp-block-image size-large\"><img loading=\"lazy\" decoding=\"async\" width=\"4128\" height=\"3096\" data-id=\"1297\" src=\"http:\/\/interessatb.com.br\/wp-content\/uploads\/2021\/07\/20210720_083311.jpg\" alt=\"\" class=\"wp-image-1297\"\/><figcaption>Pra\u00e7a Pastor Pedro Cortez &#8211; InteressaTB<\/figcaption><\/figure>\n\n\n\n<figure class=\"wp-block-image size-full\"><img loading=\"lazy\" decoding=\"async\" width=\"4128\" height=\"3096\" data-id=\"1301\" src=\"http:\/\/interessatb.com.br\/wp-content\/uploads\/2021\/07\/20210720_083028.jpg\" alt=\"\" class=\"wp-image-1301\"\/><figcaption>Pra\u00e7a Pastor Pedro Cortez &#8211; InteressaTB<\/figcaption><\/figure>\n\n\n\n<figure class=\"wp-block-image size-large\"><img loading=\"lazy\" decoding=\"async\" width=\"4128\" height=\"3096\" data-id=\"1300\" src=\"http:\/\/interessatb.com.br\/wp-content\/uploads\/2021\/07\/20210720_083012-1.jpg\" alt=\"\" class=\"wp-image-1300\"\/><figcaption>Pra\u00e7a Pastor Pedro Cortez &#8211; InteressaTB<\/figcaption><\/figure>\n<\/figure>\n\n\n\n<p>Em geral em dias assim a popula\u00e7\u00e3o tende a se proteger em ambientes fechados. Mas s\u00e3o precisos alguns cuidados para evitar o favorecimento de doen\u00e7as comuns nesta \u00e9poca. Dentre as dicas recomendadas por especialistas as mais comuns s\u00e3o:<\/p>\n\n\n\n<p>Ingerir l\u00edquidos &#8211; a hidrata\u00e7\u00e3o neste per\u00edodo e muito importante, pois o inverno em nossa regi\u00e3o em geral apresenta clima seco, o que afeta as vias a\u00e9reas.<\/p>\n\n\n\n<p>Vacinar-se contra a gripe &#8211; ficar atento \u00e0s companhas de vacina\u00e7\u00e3o do poder p\u00fablico.<\/p>\n\n\n\n<p>Evitar ambientes ambientes fechados &#8211; caso seja inevit\u00e1vel, organizar momentos de janelas ou portas abertas para a circula\u00e7\u00e3o do ar, diminuindo assim a concentra\u00e7\u00e3o de v\u00edrus e bact\u00e9rias no ar do ambiente.<\/p>\n\n\n\n<p>Aumentar o consumo de ch\u00e1s ou alimentos quentes &#8211; de forma a aquecer as vias a\u00e9reas. O uso de cremes, luvas, gorros e cachec\u00f3is ajudam neste esfor\u00e7o.<\/p>\n","protected":false},"excerpt":{"rendered":"<div class=\"mh-excerpt\"><p>A madrugada desta ter\u00e7a-feira, 20, foi de frio intenso em Tel\u00eamaco Borba. Em muitos locais a geada que se formou p\u00f4de ser vista at\u00e9 por <a class=\"mh-excerpt-more\" href=\"https:\/\/interessatb.com.br\/?p=79\" title=\"Temperatura cai e inverno mostra sua face na cidade\">[&#8230;]<\/a><\/p>\n<\/div>","protected":false},"author":1,"featured_media":1295,"comment_status":"closed","ping_status":"closed","sticky":false,"template":"","format":"standard","meta":{"footnotes":""},"categories":[2],"tags":[],"class_list":["post-79","post","type-post","status-publish","format-standard","has-post-thumbnail","hentry","category-cidade"],"_links":{"self":[{"href":"https:\/\/interessatb.com.br\/index.php?rest_route=\/wp\/v2\/posts\/79","targetHints":{"allow":["GET"]}}],"collection":[{"href":"https:\/\/interessatb.com.br\/index.php?rest_route=\/wp\/v2\/posts"}],"about":[{"href":"https:\/\/interessatb.com.br\/index.php?rest_route=\/wp\/v2\/types\/post"}],"author":[{"embeddable":true,"href":"https:\/\/interessatb.com.br\/index.php?rest_route=\/wp\/v2\/users\/1"}],"replies":[{"embeddable":true,"href":"https:\/\/interessatb.com.br\/index.php?rest_route=%2Fwp%2Fv2%2Fcomments&post=79"}],"version-history":[{"count":2,"href":"https:\/\/interessatb.com.br\/index.php?rest_route=\/wp\/v2\/posts\/79\/revisions"}],"predecessor-version":[{"id":1302,"href":"https:\/\/interessatb.com.br\/index.php?rest_route=\/wp\/v2\/posts\/79\/revisions\/1302"}],"wp:featuredmedia":[{"embeddable":true,"href":"https:\/\/interessatb.com.br\/index.php?rest_route=\/wp\/v2\/media\/1295"}],"wp:attachment":[{"href":"https:\/\/interessatb.com.br\/index.php?rest_route=%2Fwp%2Fv2%2Fmedia&parent=79"}],"wp:term":[{"taxonomy":"category","embeddable":true,"href":"https:\/\/interessatb.com.br\/index.php?rest_route=%2Fwp%2Fv2%2Fcategories&post=79"},{"taxonomy":"post_tag","embeddable":true,"href":"https:\/\/interessatb.com.br\/index.php?rest_route=%2Fwp%2Fv2%2Ftags&post=79"}],"curies":[{"name":"wp","href":"https:\/\/api.w.org\/{rel}","templated":true}]}}