{"id":815,"date":"2021-12-27T15:14:53","date_gmt":"2021-12-27T18:14:53","guid":{"rendered":"https:\/\/interessatb.com.br\/?p=815"},"modified":"2022-08-18T22:01:24","modified_gmt":"2022-08-19T01:01:24","slug":"faleceu-neste-domingo-26-o-professor-mansueto-poltronieri-um-icone-da-educacao-de-telemaco-borba","status":"publish","type":"post","link":"https:\/\/interessatb.com.br\/?p=815","title":{"rendered":"Faleceu neste domingo (26) o professor Mansueto Poltronieri, um \u00edcone da educa\u00e7\u00e3o de Tel\u00eamaco Borba"},"content":{"rendered":"\n<p>Faleceu ao 81 anos de idade o professor Mansueto, durante seu internamento no Hospital Geral Unimed, em Ponta Grossa. Poltronieri deixa uma extensa folha de servi\u00e7os prestados \u00e0s causas p\u00fablicas e da educa\u00e7\u00e3o em nosso munic\u00edpio, atuando como professor, diretor escolar, vereador e secret\u00e1rio municipal da educa\u00e7\u00e3o.<\/p>\n\n\n\n<p>Homem de princ\u00edpios s\u00f3lidos, marcou sua exist\u00eancia como pai de fam\u00edlia, profissional exemplar e honradez na vida p\u00fablica. Deixa a esposa Nilma, os filhos Lilian, Marcos e Rafael, e demais familiares. Nasceu em Timb\u00f3, Santa Catarina, mas foi em Tel\u00eamaco Borba que escolheu fixar-se.<\/p>\n\n\n\n<p>Para aqueles que tiveram o privil\u00e9gio de t\u00ea-lo como diretor no Col\u00e9gio Estadual Presidentes Vargas, que tamb\u00e9m ficou conhecido como Unidade Polo, fica na mem\u00f3ria suas prele\u00e7\u00f5es com todos os alunos reunidos, sobre um &#8220;banquinho&#8221; de madeira, antes de iniciar as aulas. Ali discursava sobre comportamento, princ\u00edpios \u00e9ticos, fam\u00edlia, higiene, civilidade e qualquer assunto demandado pela comunidade escolar. <\/p>\n\n\n\n<p>Marcou toda uma gera\u00e7\u00e3o de estudantes, que hoje influenciam a sociedade telemacoborbense com valores proclamados por sua sabedoria moldada como ex-seminarista. Esteve \u00e0 frente da Dire\u00e7\u00e3o do Col\u00e9gio Presidente Vargas por 16 anos. Mansueto Poltronieri \u00e9 pai de Rafael Poltronieri, atual Diretor Geral do Instituto Federal do Paran\u00e1 Campus de Tel\u00eamaco Borba.<\/p>\n\n\n\n<p>Foi eleito vereador entre os anos de 1983 e 1988, tendo como principal bandeira a educa\u00e7\u00e3o. Foi homenageado pela Faculdade de Tel\u00eamaco Borba com a identifica\u00e7\u00e3o da Biblioteca Central Professor Mansueto Poltronieri e atuou como Secret\u00e1rio Municipal de Educa\u00e7\u00e3o de Tel\u00eamaco Borba. <\/p>\n\n\n\n<p>O vel\u00f3rio ocorre durante este dia 27\/12, na Capela Mortu\u00e1ria TAMOYO PREV, e o sepultamento ser\u00e1 \u00e0s 15h30, deste mesmo dia, no cemit\u00e9rio Jardim da Saudade. <\/p>\n","protected":false},"excerpt":{"rendered":"<div class=\"mh-excerpt\"><p>Faleceu ao 81 anos de idade o professor Mansueto, durante seu internamento no Hospital Geral Unimed, em Ponta Grossa. Poltronieri deixa uma extensa folha de <a class=\"mh-excerpt-more\" href=\"https:\/\/interessatb.com.br\/?p=815\" title=\"Faleceu neste domingo (26) o professor Mansueto Poltronieri, um \u00edcone da educa\u00e7\u00e3o de Tel\u00eamaco Borba\">[&#8230;]<\/a><\/p>\n<\/div>","protected":false},"author":1,"featured_media":1046,"comment_status":"closed","ping_status":"closed","sticky":false,"template":"","format":"standard","meta":{"footnotes":""},"categories":[2,5,13],"tags":[],"class_list":["post-815","post","type-post","status-publish","format-standard","has-post-thumbnail","hentry","category-cidade","category-educacao","category-politica"],"_links":{"self":[{"href":"https:\/\/interessatb.com.br\/index.php?rest_route=\/wp\/v2\/posts\/815","targetHints":{"allow":["GET"]}}],"collection":[{"href":"https:\/\/interessatb.com.br\/index.php?rest_route=\/wp\/v2\/posts"}],"about":[{"href":"https:\/\/interessatb.com.br\/index.php?rest_route=\/wp\/v2\/types\/post"}],"author":[{"embeddable":true,"href":"https:\/\/interessatb.com.br\/index.php?rest_route=\/wp\/v2\/users\/1"}],"replies":[{"embeddable":true,"href":"https:\/\/interessatb.com.br\/index.php?rest_route=%2Fwp%2Fv2%2Fcomments&post=815"}],"version-history":[{"count":1,"href":"https:\/\/interessatb.com.br\/index.php?rest_route=\/wp\/v2\/posts\/815\/revisions"}],"predecessor-version":[{"id":1047,"href":"https:\/\/interessatb.com.br\/index.php?rest_route=\/wp\/v2\/posts\/815\/revisions\/1047"}],"wp:featuredmedia":[{"embeddable":true,"href":"https:\/\/interessatb.com.br\/index.php?rest_route=\/wp\/v2\/media\/1046"}],"wp:attachment":[{"href":"https:\/\/interessatb.com.br\/index.php?rest_route=%2Fwp%2Fv2%2Fmedia&parent=815"}],"wp:term":[{"taxonomy":"category","embeddable":true,"href":"https:\/\/interessatb.com.br\/index.php?rest_route=%2Fwp%2Fv2%2Fcategories&post=815"},{"taxonomy":"post_tag","embeddable":true,"href":"https:\/\/interessatb.com.br\/index.php?rest_route=%2Fwp%2Fv2%2Ftags&post=815"}],"curies":[{"name":"wp","href":"https:\/\/api.w.org\/{rel}","templated":true}]}}