{"id":826,"date":"2022-01-05T11:16:39","date_gmt":"2022-01-05T14:16:39","guid":{"rendered":"https:\/\/interessatb.com.br\/?p=826"},"modified":"2022-08-27T20:42:43","modified_gmt":"2022-08-27T23:42:43","slug":"contribuicao-do-mei-subira-para-r-6060-em-fevereiro","status":"publish","type":"post","link":"https:\/\/interessatb.com.br\/?p=826","title":{"rendered":"Contribui\u00e7\u00e3o do MEI subir\u00e1 para R$ 60,60 em fevereiro"},"content":{"rendered":"\n<p>A partir de fevereiro, os cerca de 13 milh\u00f5es de microempreendedores individuais (MEI) registrados no pa\u00eds pagar\u00e3o R$ 60,60 para contribu\u00edrem com a Previd\u00eancia Social. O aumento, de 10,18%, segue o reajuste do sal\u00e1rio m\u00ednimo, que passou de R$ 1,1 mil para R$ 1.212 em&nbsp;1\u00ba de janeiro.<\/p>\n\n\n\n<p>O reajuste valer\u00e1 apenas para os boletos com vencimento a partir de 20 de fevereiro. A cota deste m\u00eas, que vence em 20 de janeiro, continuar\u00e1 a ser paga pelo valor antigo, de R$ 55.<\/p>\n\n\n\n<p>Profissionais aut\u00f4nomos com regime tribut\u00e1rio e previdenci\u00e1rio simplificado, os microempreendedores individuais recolhem 5% do sal\u00e1rio m\u00ednimo por m\u00eas para o Instituto Nacional do Seguro Social (INSS). O restante da contribui\u00e7\u00e3o mensal varia conforme o ramo de atua\u00e7\u00e3o.<\/p>\n\n\n<div class=\"wp-block-image\">\n<figure class=\"alignleft size-full is-resized\"><img loading=\"lazy\" decoding=\"async\" src=\"http:\/\/interessatb.com.br\/wp-content\/uploads\/2022\/03\/Lapidar1.png\" alt=\"\" class=\"wp-image-974\" width=\"329\" height=\"402\"\/><\/figure>\n<\/div>\n\n\n<p>Os trabalhadores que exercem atividades ligadas ao com\u00e9rcio e \u00e0 ind\u00fastria pagam R$ 1 a mais referente ao Imposto sobre a Circula\u00e7\u00e3o de Mercadorias e Servi\u00e7os (ICMS), administrado pelo estado onde mora. Os profissionais que executam servi\u00e7os recolhem R$ 5 a mais de Imposto sobre Servi\u00e7os (ISS), administrado pelo munic\u00edpio onde habita.<\/p>\n\n\n\n<p><strong>Veja tamb\u00e9m<\/strong><\/p>\n\n\n\n<p><a href=\"https:\/\/interessatb.com.br\/?p=820\">Prova de vida do INSS volta a ser exigida em 2022. Pagamentos come\u00e7ar\u00e3o a ser suspensos em fevereiro<\/a><\/p>\n\n\n\n<p><a href=\"https:\/\/interessatb.com.br\/?p=777\">Proibido estacionar no entorno da Pra\u00e7a da Fam\u00edlia entre 00h e 06h da manh\u00e3<\/a><\/p>\n\n\n\n<p>Ao contribu\u00edrem para o INSS, os microempreendedores individuais passam a ter direito \u00e0 aposentadoria por idade, aux\u00edlio-doen\u00e7a, sal\u00e1rio-maternidade, aux\u00edlio-reclus\u00e3o e pens\u00e3o por morte. Al\u00e9m disso, a Receita Federal fornece um Cadastro Nacional da Pessoa Jur\u00eddica (CNPJ) aos MEI, que podem emitir notas fiscais e obter cr\u00e9dito com condi\u00e7\u00f5es especiais.<\/p>\n\n\n\n<p>O boleto mensal do Documento de Arrecada\u00e7\u00e3o Simplificada do MEI (DAS-MEI) pode ser gerado no&nbsp;<a href=\"https:\/\/www.gov.br\/empresas-e-negocios\/pt-br\/empreendedor\">Portal do Empreendedor<\/a>. As parcelas vencem no dia 20 de cada m\u00eas.<\/p>\n\n\n\n<p><em>Por Wellton M\u00e1ximo \u2013 Rep\u00f3rter da Ag\u00eancia Brasil &#8211; Bras\u00edlia<\/em><\/p>\n","protected":false},"excerpt":{"rendered":"<div class=\"mh-excerpt\"><p>A partir de fevereiro, os cerca de 13 milh\u00f5es de microempreendedores individuais (MEI) registrados no pa\u00eds pagar\u00e3o R$ 60,60 para contribu\u00edrem com a Previd\u00eancia Social. <a class=\"mh-excerpt-more\" href=\"https:\/\/interessatb.com.br\/?p=826\" title=\"Contribui\u00e7\u00e3o do MEI subir\u00e1 para R$ 60,60 em fevereiro\">[&#8230;]<\/a><\/p>\n<\/div>","protected":false},"author":1,"featured_media":1040,"comment_status":"closed","ping_status":"closed","sticky":false,"template":"","format":"standard","meta":{"footnotes":""},"categories":[16,4,20],"tags":[],"class_list":["post-826","post","type-post","status-publish","format-standard","has-post-thumbnail","hentry","category-brasil","category-economia","category-industria-e-comercio"],"_links":{"self":[{"href":"https:\/\/interessatb.com.br\/index.php?rest_route=\/wp\/v2\/posts\/826","targetHints":{"allow":["GET"]}}],"collection":[{"href":"https:\/\/interessatb.com.br\/index.php?rest_route=\/wp\/v2\/posts"}],"about":[{"href":"https:\/\/interessatb.com.br\/index.php?rest_route=\/wp\/v2\/types\/post"}],"author":[{"embeddable":true,"href":"https:\/\/interessatb.com.br\/index.php?rest_route=\/wp\/v2\/users\/1"}],"replies":[{"embeddable":true,"href":"https:\/\/interessatb.com.br\/index.php?rest_route=%2Fwp%2Fv2%2Fcomments&post=826"}],"version-history":[{"count":2,"href":"https:\/\/interessatb.com.br\/index.php?rest_route=\/wp\/v2\/posts\/826\/revisions"}],"predecessor-version":[{"id":1542,"href":"https:\/\/interessatb.com.br\/index.php?rest_route=\/wp\/v2\/posts\/826\/revisions\/1542"}],"wp:featuredmedia":[{"embeddable":true,"href":"https:\/\/interessatb.com.br\/index.php?rest_route=\/wp\/v2\/media\/1040"}],"wp:attachment":[{"href":"https:\/\/interessatb.com.br\/index.php?rest_route=%2Fwp%2Fv2%2Fmedia&parent=826"}],"wp:term":[{"taxonomy":"category","embeddable":true,"href":"https:\/\/interessatb.com.br\/index.php?rest_route=%2Fwp%2Fv2%2Fcategories&post=826"},{"taxonomy":"post_tag","embeddable":true,"href":"https:\/\/interessatb.com.br\/index.php?rest_route=%2Fwp%2Fv2%2Ftags&post=826"}],"curies":[{"name":"wp","href":"https:\/\/api.w.org\/{rel}","templated":true}]}}