{"id":840,"date":"2022-01-06T07:41:03","date_gmt":"2022-01-06T10:41:03","guid":{"rendered":"https:\/\/interessatb.com.br\/?p=840"},"modified":"2022-08-27T20:38:52","modified_gmt":"2022-08-27T23:38:52","slug":"aprovados-em-concurso-publico-sao-convocados-pela-prefeitura-de-tibagi","status":"publish","type":"post","link":"https:\/\/interessatb.com.br\/?p=840","title":{"rendered":"Aprovados em concurso p\u00fablico s\u00e3o convocados pela Prefeitura de Tibagi"},"content":{"rendered":"\n<p>Foram convocadas 4 pessoas para a vaga de auxiliar administrativo e 1 contador. Os aprovados no concurso do edital 01\/2019 tem 10 dias corridos para demonstrarem interesse nas vagas, a contar da publica\u00e7\u00e3o dos editais <a href=\"https:\/\/tibagi.pr.gov.br\/upload\/diarios\/16412386531665_signed.pdf\">n\u00ba 001\/2022<\/a> publicado em 03 de janeiro e <a href=\"https:\/\/tibagi.pr.gov.br\/upload\/diarios\/16413258811666_signed.pdf\">n\u00ba 002\/2022<\/a> publicado em 04 de janeiro.<\/p>\n\n\n\n<p>Os candidatos aprovados com interesse nas respectivas vagas devem apresentar a fotoc\u00f3pia e o original dos documentos necess\u00e1rios, conforme determina o edital, para a contrata\u00e7\u00e3o no setor de Recursos Humanos da Prefeitura de Tibagi, que fica no Pal\u00e1cio do Diamante no centro da cidade.<\/p>\n\n\n<div class=\"wp-block-image\">\n<figure class=\"alignleft size-full is-resized\"><img loading=\"lazy\" decoding=\"async\" src=\"http:\/\/interessatb.com.br\/wp-content\/uploads\/2022\/08\/logo-casotec.png\" alt=\"\" class=\"wp-image-980\" width=\"384\" height=\"320\"\/><\/figure>\n<\/div>\n\n\n<p><strong>Veja tamb\u00e9m<\/strong><\/p>\n\n\n\n<p><a href=\"https:\/\/interessatb.com.br\/?p=726\">IFPR de Tel\u00eamaco Borba com inscri\u00e7\u00f5es abertas para cursos superiores at\u00e9 13 de janeiro<\/a><\/p>\n\n\n\n<p><a href=\"https:\/\/interessatb.com.br\/?p=784\">R$ 125,4 milh\u00f5es \u00e9 o or\u00e7amento p\u00fablico previsto para 2022 em Tibagi<\/a><\/p>\n\n\n\n<p>Candidatos aprovados e convocados:<\/p>\n\n\n\n<p><strong>Convoca\u00e7\u00e3o em 03\/01\/2022<\/strong> (edital n\u00ba 001\/2022)<\/p>\n\n\n\n<p>29\u00ba &#8211; MERILIANE DE LIMA &#8211; Ampla Concorr\u00eancia (Cargo: Auxiliar Administrativo)<\/p>\n\n\n\n<p><strong>Convoca\u00e7\u00e3o em 04\/01\/2022<\/strong> (Edital n\u00ba 002\/2022)<\/p>\n\n\n\n<p>30\u00ba &#8211; THAYN\u00c1 CAVAGNARI COSTA &#8211; Ampla Concorr\u00eancia  (Cargo: Auxiliar Administrativo) <br>31\u00ba &#8211; ELIANA DE OLIVEIRA &#8211; Ampla Concorr\u00eancia  (Cargo: Auxiliar Administrativo) <br>32\u00ba &#8211; RODRIGO PENNA &#8211; Ampla Concorr\u00eancia  (Cargo: Auxiliar Administrativo) <\/p>\n\n\n\n<p>2\u00ba ANDERSON DE OLIVEIRA &#8211; Ampla Concorr\u00eancia  (Cargo: Contador) <\/p>\n\n\n\n<p><em>Fonte: PMT.<\/em><\/p>\n","protected":false},"excerpt":{"rendered":"<div class=\"mh-excerpt\"><p>Foram convocadas 4 pessoas para a vaga de auxiliar administrativo e 1 contador. Os aprovados no concurso do edital 01\/2019 tem 10 dias corridos para <a class=\"mh-excerpt-more\" href=\"https:\/\/interessatb.com.br\/?p=840\" title=\"Aprovados em concurso p\u00fablico s\u00e3o convocados pela Prefeitura de Tibagi\">[&#8230;]<\/a><\/p>\n<\/div>","protected":false},"author":1,"featured_media":1033,"comment_status":"closed","ping_status":"closed","sticky":false,"template":"","format":"standard","meta":{"footnotes":""},"categories":[14],"tags":[],"class_list":["post-840","post","type-post","status-publish","format-standard","has-post-thumbnail","hentry","category-regiao"],"_links":{"self":[{"href":"https:\/\/interessatb.com.br\/index.php?rest_route=\/wp\/v2\/posts\/840","targetHints":{"allow":["GET"]}}],"collection":[{"href":"https:\/\/interessatb.com.br\/index.php?rest_route=\/wp\/v2\/posts"}],"about":[{"href":"https:\/\/interessatb.com.br\/index.php?rest_route=\/wp\/v2\/types\/post"}],"author":[{"embeddable":true,"href":"https:\/\/interessatb.com.br\/index.php?rest_route=\/wp\/v2\/users\/1"}],"replies":[{"embeddable":true,"href":"https:\/\/interessatb.com.br\/index.php?rest_route=%2Fwp%2Fv2%2Fcomments&post=840"}],"version-history":[{"count":3,"href":"https:\/\/interessatb.com.br\/index.php?rest_route=\/wp\/v2\/posts\/840\/revisions"}],"predecessor-version":[{"id":1539,"href":"https:\/\/interessatb.com.br\/index.php?rest_route=\/wp\/v2\/posts\/840\/revisions\/1539"}],"wp:featuredmedia":[{"embeddable":true,"href":"https:\/\/interessatb.com.br\/index.php?rest_route=\/wp\/v2\/media\/1033"}],"wp:attachment":[{"href":"https:\/\/interessatb.com.br\/index.php?rest_route=%2Fwp%2Fv2%2Fmedia&parent=840"}],"wp:term":[{"taxonomy":"category","embeddable":true,"href":"https:\/\/interessatb.com.br\/index.php?rest_route=%2Fwp%2Fv2%2Fcategories&post=840"},{"taxonomy":"post_tag","embeddable":true,"href":"https:\/\/interessatb.com.br\/index.php?rest_route=%2Fwp%2Fv2%2Ftags&post=840"}],"curies":[{"name":"wp","href":"https:\/\/api.w.org\/{rel}","templated":true}]}}