{"id":849,"date":"2022-01-08T08:39:44","date_gmt":"2022-01-08T11:39:44","guid":{"rendered":"https:\/\/interessatb.com.br\/?p=849"},"modified":"2022-08-27T20:33:03","modified_gmt":"2022-08-27T23:33:03","slug":"em-busca-diaria-do-meu-aprimoramento-pessoal","status":"publish","type":"post","link":"https:\/\/interessatb.com.br\/?p=849","title":{"rendered":"Em busca di\u00e1ria do meu aprimoramento pessoal"},"content":{"rendered":"<div class=\"wp-block-image is-style-rounded\">\n<figure class=\"alignleft size-full is-resized\"><img loading=\"lazy\" decoding=\"async\" src=\"http:\/\/interessatb.com.br\/wp-content\/uploads\/2022\/03\/Jacir-J-Venturi-Mercury.jpg\" alt=\"\" class=\"wp-image-971\" width=\"64\" height=\"70\"\/><\/figure>\n<\/div>\n\n\n<p><br>Jacir Venturi*<\/p>\n\n\n\n<p><\/p>\n\n\n\n<p>Ser coerente \u00e9 meu prop\u00f3sito maior. Serei eu mesmo, mas n\u00e3o o mesmo por toda a vida, pois devo evoluir um pouco a cada dia.<\/p>\n\n\n\n<p>Praticarei a generosidade sem me importar com o reconhecimento e com a sabedoria para suportar a eventual ingratid\u00e3o.<\/p>\n\n\n\n<p>O passado passou. Nem Deus consegue mud\u00e1-lo. Mas as li\u00e7\u00f5es devem permanecer em minha vida.<\/p>\n\n\n\n<p>Demonstrarei aten\u00e7\u00e3o genu\u00edna pelas boas realiza\u00e7\u00f5es de cada amigo, familiar ou colega.<\/p>\n\n\n\n<p>N\u00e3o permitirei que m\u00e1goas do passado e ansiedade pelo futuro estraguem o meu presente.<\/p>\n\n\n\n<p>A vida \u00e9 uma \u00f3tima escola. Serei um bom aluno e cada erro me servir\u00e1 de aprendizado. Ou seja, a cada experi\u00eancia na vida, acertarei ou aprenderei.<\/p>\n\n\n\n<p>Obterei mais conquistas se n\u00e3o me importar em levar o m\u00e9rito.<\/p>\n\n\n\n<p>Serei uma pessoa interessada e interessante, para isso \u00e9 preciso ouvir atenciosamente e falar adequadamente.<\/p>\n\n\n\n<p><strong>Veja tamb\u00e9m<\/strong><\/p>\n\n\n\n<p><a href=\"https:\/\/interessatb.com.br\/?p=335\">Somos um pouco de cada amigo que temos<\/a><\/p>\n\n\n\n<p><a href=\"https:\/\/interessatb.com.br\/?p=187\">O empreendedorismo brasileiro e a educa\u00e7\u00e3o<\/a><\/p>\n\n\n\n<p>A vida \u00e9 uma gangorra com altos e baixos \u2013 matematicamente uma senoide. Deus nunca nos d\u00e1 tudo, mas tamb\u00e9m n\u00e3o nos priva de tudo.<\/p>\n\n\n\n<p>Para o meu bem-estar ps\u00edquico, aceitarei que pouqu\u00edssimas pessoas estar\u00e3o interessadas na minha autoestima, e muito menos em meus melindres. Afinal, na vida adulta perde-se o direito de ser melindroso.<\/p>\n\n\n\n<p>A cada momento a vida me apresenta bifurca\u00e7\u00f5es. O mais dif\u00edcil da vida \u00e9 decidir o melhor caminho e serei respons\u00e1vel pelas consequ\u00eancias das decis\u00f5es tomadas.<\/p>\n\n\n<div class=\"wp-block-image is-style-default\">\n<figure class=\"alignleft size-full is-resized\"><img loading=\"lazy\" decoding=\"async\" src=\"http:\/\/interessatb.com.br\/wp-content\/uploads\/2022\/01\/unicesumar.png\" alt=\"\" class=\"wp-image-1027\" width=\"387\" height=\"542\"\/><\/figure>\n<\/div>\n\n\n<p>Mesmo cansado, irei sempre um pouco mais al\u00e9m. E quem vai al\u00e9m do seu dever promove encantamentos.<\/p>\n\n\n\n<p>Entenderei que todo relacionamento \u00e9 um sistema de vasos comunicantes. Dedicarei o melhor dos afetos, pois eles mutuamente se retroalimentam.<\/p>\n\n\n\n<p>Aprenderei a dizer n\u00e3o, uma arte das mais dif\u00edceis, mas de grande efic\u00e1cia para um bom desempenho profissional e familiar.<\/p>\n\n\n\n<p>N\u00e3o procurarei culpados, mas estarei sempre em busca de solu\u00e7\u00f5es.<\/p>\n\n\n\n<p>Serei resiliente no sofrimento, pois querer escapar da dor \u00e9 tentar fugir da pr\u00f3pria condi\u00e7\u00e3o humana.<\/p>\n\n\n\n<p>Desde jovem, dedicarei parte da vida para a minha autonomia na velhice: autonomia financeira, f\u00edsica e emocional. E buscarei deixar, ao partir, saudades e n\u00e3o al\u00edvio.<\/p>\n\n\n\n<p>Reconhecerei que tenho dentro de mim dois c\u00e3es que se litigam todos os dias: um representa a emo\u00e7\u00e3o e o outro, a raz\u00e3o. Qual dos dois vencer\u00e1 a briga? Aquele ao qual darei mais comida, por isso os dois precisam ser alimentados com por\u00e7\u00f5es iguais. O equil\u00edbrio entre os sentimentos e a intelig\u00eancia \u00e9 a ess\u00eancia para uma vida de contentamento interior.<\/p>\n\n\n\n<p>Percorrerei a trilha da espiritualiza\u00e7\u00e3o. Manterei a f\u00e9 no Deus criador, a intelig\u00eancia infinita. Crerei na for\u00e7a das preces, das boas energias e do pensamento positivo, que promovem curas e nos confortam nas horas de sofrimento.<\/p>\n\n\n\n<p>Manterei a pr\u00e1tica da caridade crist\u00e3, volunt\u00e1ria e sincera. E sobre isso, Madre Tereza de Calcut\u00e1 tem autoridade para nos ensinar: &#8220;as m\u00e3os que ajudam s\u00e3o mais sagradas que os l\u00e1bios que rezam&#8221;.<\/p>\n\n\n\n<p>(* <em>Jacir J. Venturi, professor, diretor de escola, autor de tr\u00eas livros, entre eles Da Sabedoria Cl\u00e1ssica \u00e0 Popular (3\u00aa edi\u00e7\u00e3o), e Cidad\u00e3o Honor\u00e1rio de Curitiba<\/em><\/p>\n","protected":false},"excerpt":{"rendered":"<div class=\"mh-excerpt\"><p>Jacir Venturi* Ser coerente \u00e9 meu prop\u00f3sito maior. Serei eu mesmo, mas n\u00e3o o mesmo por toda a vida, pois devo evoluir um pouco a <a class=\"mh-excerpt-more\" href=\"https:\/\/interessatb.com.br\/?p=849\" title=\"Em busca di\u00e1ria do meu aprimoramento pessoal\">[&#8230;]<\/a><\/p>\n<\/div>","protected":false},"author":1,"featured_media":1025,"comment_status":"closed","ping_status":"closed","sticky":false,"template":"","format":"standard","meta":{"footnotes":""},"categories":[3,9],"tags":[],"class_list":["post-849","post","type-post","status-publish","format-standard","has-post-thumbnail","hentry","category-colunistas","category-colunista-jacir-venturi"],"_links":{"self":[{"href":"https:\/\/interessatb.com.br\/index.php?rest_route=\/wp\/v2\/posts\/849","targetHints":{"allow":["GET"]}}],"collection":[{"href":"https:\/\/interessatb.com.br\/index.php?rest_route=\/wp\/v2\/posts"}],"about":[{"href":"https:\/\/interessatb.com.br\/index.php?rest_route=\/wp\/v2\/types\/post"}],"author":[{"embeddable":true,"href":"https:\/\/interessatb.com.br\/index.php?rest_route=\/wp\/v2\/users\/1"}],"replies":[{"embeddable":true,"href":"https:\/\/interessatb.com.br\/index.php?rest_route=%2Fwp%2Fv2%2Fcomments&post=849"}],"version-history":[{"count":4,"href":"https:\/\/interessatb.com.br\/index.php?rest_route=\/wp\/v2\/posts\/849\/revisions"}],"predecessor-version":[{"id":1535,"href":"https:\/\/interessatb.com.br\/index.php?rest_route=\/wp\/v2\/posts\/849\/revisions\/1535"}],"wp:featuredmedia":[{"embeddable":true,"href":"https:\/\/interessatb.com.br\/index.php?rest_route=\/wp\/v2\/media\/1025"}],"wp:attachment":[{"href":"https:\/\/interessatb.com.br\/index.php?rest_route=%2Fwp%2Fv2%2Fmedia&parent=849"}],"wp:term":[{"taxonomy":"category","embeddable":true,"href":"https:\/\/interessatb.com.br\/index.php?rest_route=%2Fwp%2Fv2%2Fcategories&post=849"},{"taxonomy":"post_tag","embeddable":true,"href":"https:\/\/interessatb.com.br\/index.php?rest_route=%2Fwp%2Fv2%2Ftags&post=849"}],"curies":[{"name":"wp","href":"https:\/\/api.w.org\/{rel}","templated":true}]}}