{"id":857,"date":"2022-01-08T09:05:29","date_gmt":"2022-01-08T12:05:29","guid":{"rendered":"https:\/\/interessatb.com.br\/?p=857"},"modified":"2022-08-18T21:43:49","modified_gmt":"2022-08-19T00:43:49","slug":"prefeitura-de-tibagi-cancela-o-carnaval-em-2022","status":"publish","type":"post","link":"https:\/\/interessatb.com.br\/?p=857","title":{"rendered":"Prefeitura de Tibagi cancela o carnaval em 2022"},"content":{"rendered":"\n<p>Avan\u00e7o do n\u00famero de casos de Covid-19 em todo o Estado do Paran\u00e1, H3N2 e tend\u00eancia de outros munic\u00edpios faz o munic\u00edpio n\u00e3o realizar evento neste ano.<\/p>\n\n\n\n<p>A Prefeitura Municipal de Tibagi n\u00e3o ir\u00e1 realizar mais uma vez a tradicional festa de carnaval no munic\u00edpio, considerada umas das mais tradicionais de todo o interior do Estado do Paran\u00e1.<\/p>\n\n\n\n<p>Em Tibagi, apenas seis novos casos foram confirmados at\u00e9 a \u00faltima quarta-feira (05). Mas, mesmo assim, devido ao avan\u00e7o do n\u00famero de casos em todo o Estado a decis\u00e3o foi tomada pelo prefeito Artur Butina. Al\u00e9m disso, a variante H3N2 do v\u00edrus influenza (gripe) tamb\u00e9m j\u00e1 chegou no Paran\u00e1 e isso motivou o cancelamento da festa.<\/p>\n\n\n\n<p>\u201cNo final de 2021, com uma redu\u00e7\u00e3o dr\u00e1stica no n\u00famero de casos, pretend\u00edamos realizar a festa e montamos um edital de concess\u00e3o. Seria o primeiro carnaval realizado sem o investimento de recursos p\u00fablicos. Por\u00e9m, mediante todo esse cen\u00e1rio de incertezas, a licita\u00e7\u00e3o deu deserta e agora com esse avan\u00e7o no n\u00famero de casos foi a decis\u00e3o mais correta a ser tomada\u201d, garante o prefeito Artur Butina.<\/p>\n\n\n\n<p><em>Texto: Assessoria de Comunica\u00e7\u00e3o Prefeitura de Tibagi<\/em><\/p>\n","protected":false},"excerpt":{"rendered":"<div class=\"mh-excerpt\"><p>Avan\u00e7o do n\u00famero de casos de Covid-19 em todo o Estado do Paran\u00e1, H3N2 e tend\u00eancia de outros munic\u00edpios faz o munic\u00edpio n\u00e3o realizar evento <a class=\"mh-excerpt-more\" href=\"https:\/\/interessatb.com.br\/?p=857\" title=\"Prefeitura de Tibagi cancela o carnaval em 2022\">[&#8230;]<\/a><\/p>\n<\/div>","protected":false},"author":1,"featured_media":1023,"comment_status":"closed","ping_status":"closed","sticky":false,"template":"","format":"standard","meta":{"footnotes":""},"categories":[20,14],"tags":[],"class_list":["post-857","post","type-post","status-publish","format-standard","has-post-thumbnail","hentry","category-industria-e-comercio","category-regiao"],"_links":{"self":[{"href":"https:\/\/interessatb.com.br\/index.php?rest_route=\/wp\/v2\/posts\/857","targetHints":{"allow":["GET"]}}],"collection":[{"href":"https:\/\/interessatb.com.br\/index.php?rest_route=\/wp\/v2\/posts"}],"about":[{"href":"https:\/\/interessatb.com.br\/index.php?rest_route=\/wp\/v2\/types\/post"}],"author":[{"embeddable":true,"href":"https:\/\/interessatb.com.br\/index.php?rest_route=\/wp\/v2\/users\/1"}],"replies":[{"embeddable":true,"href":"https:\/\/interessatb.com.br\/index.php?rest_route=%2Fwp%2Fv2%2Fcomments&post=857"}],"version-history":[{"count":1,"href":"https:\/\/interessatb.com.br\/index.php?rest_route=\/wp\/v2\/posts\/857\/revisions"}],"predecessor-version":[{"id":1024,"href":"https:\/\/interessatb.com.br\/index.php?rest_route=\/wp\/v2\/posts\/857\/revisions\/1024"}],"wp:featuredmedia":[{"embeddable":true,"href":"https:\/\/interessatb.com.br\/index.php?rest_route=\/wp\/v2\/media\/1023"}],"wp:attachment":[{"href":"https:\/\/interessatb.com.br\/index.php?rest_route=%2Fwp%2Fv2%2Fmedia&parent=857"}],"wp:term":[{"taxonomy":"category","embeddable":true,"href":"https:\/\/interessatb.com.br\/index.php?rest_route=%2Fwp%2Fv2%2Fcategories&post=857"},{"taxonomy":"post_tag","embeddable":true,"href":"https:\/\/interessatb.com.br\/index.php?rest_route=%2Fwp%2Fv2%2Ftags&post=857"}],"curies":[{"name":"wp","href":"https:\/\/api.w.org\/{rel}","templated":true}]}}