{"id":862,"date":"2022-01-11T13:21:07","date_gmt":"2022-01-11T16:21:07","guid":{"rendered":"https:\/\/interessatb.com.br\/?p=862"},"modified":"2022-08-27T20:29:37","modified_gmt":"2022-08-27T23:29:37","slug":"posto-de-saude-ubs-do-triangulo-sera-fechado-a-partir-de-hoje-11","status":"publish","type":"post","link":"https:\/\/interessatb.com.br\/?p=862","title":{"rendered":"Posto de Sa\u00fade (UBS) do Tri\u00e2ngulo ser\u00e1 fechado a partir de hoje, 11"},"content":{"rendered":"\n<p>Conforme nota da Secretaria Municipal de Sa\u00fade de Tel\u00eamaco Borba, ser\u00e1 fechado temporariamente o Posto de Sa\u00fade do Tri\u00e2ngulo, por tempo indeterminado.<\/p>\n\n\n\n<p>O motivo alegado \u00e9 o remanejamento da equipe para auxiliar na UPA (Unidade de Pronto Atendimento), por for\u00e7a do aumento de casos positivos de Covid-19 atendidos naquela Unidade. Os mun\u00edcipes atendidos pela UBS do Tri\u00e2ngulo dever\u00e3o se deslocar \u00e0 Unidade B\u00e1sica de Sa\u00fade do jardim Bandeirantes, localizada \u00e0 Rua Francisco Espinosa, 521.<\/p>\n\n\n<div class=\"wp-block-image\">\n<figure class=\"alignleft size-full is-resized\"><img loading=\"lazy\" decoding=\"async\" src=\"http:\/\/interessatb.com.br\/wp-content\/uploads\/2022\/08\/logo-casotec.png\" alt=\"\" class=\"wp-image-980\" width=\"384\" height=\"320\"\/><\/figure>\n<\/div>\n\n\n<p><strong>Veja tamb\u00e9m<\/strong><\/p>\n\n\n\n<p><a href=\"https:\/\/interessatb.com.br\/?p=820\">Prova de vida do INSS volta a ser exigida em 2022. Pagamentos come\u00e7ar\u00e3o a ser suspensos em fevereiro<\/a><\/p>\n\n\n\n<p><a href=\"https:\/\/interessatb.com.br\/?p=857\">Prefeitura de Tibagi cancela o carnaval em 2022<\/a><\/p>\n\n\n\n<p>O Bairro Tri\u00e2ngulo conta com outros aparelhos p\u00fablicos, como a Escola Municipal Santos Dumont e uma pra\u00e7a para lazer. Localizada a aproximadamente 8,5km da sede do munic\u00edpio \u00e0s margens da Rodovia do Papel (PR 160), fica pr\u00f3ximo \u00e0 divisa com o munic\u00edpio de Imba\u00fa.<\/p>\n","protected":false},"excerpt":{"rendered":"<div class=\"mh-excerpt\"><p>Conforme nota da Secretaria Municipal de Sa\u00fade de Tel\u00eamaco Borba, ser\u00e1 fechado temporariamente o Posto de Sa\u00fade do Tri\u00e2ngulo, por tempo indeterminado. O motivo alegado <a class=\"mh-excerpt-more\" href=\"https:\/\/interessatb.com.br\/?p=862\" title=\"Posto de Sa\u00fade (UBS) do Tri\u00e2ngulo ser\u00e1 fechado a partir de hoje, 11\">[&#8230;]<\/a><\/p>\n<\/div>","protected":false},"author":1,"featured_media":1020,"comment_status":"closed","ping_status":"closed","sticky":false,"template":"","format":"standard","meta":{"footnotes":""},"categories":[2,15],"tags":[],"class_list":["post-862","post","type-post","status-publish","format-standard","has-post-thumbnail","hentry","category-cidade","category-saude"],"_links":{"self":[{"href":"https:\/\/interessatb.com.br\/index.php?rest_route=\/wp\/v2\/posts\/862","targetHints":{"allow":["GET"]}}],"collection":[{"href":"https:\/\/interessatb.com.br\/index.php?rest_route=\/wp\/v2\/posts"}],"about":[{"href":"https:\/\/interessatb.com.br\/index.php?rest_route=\/wp\/v2\/types\/post"}],"author":[{"embeddable":true,"href":"https:\/\/interessatb.com.br\/index.php?rest_route=\/wp\/v2\/users\/1"}],"replies":[{"embeddable":true,"href":"https:\/\/interessatb.com.br\/index.php?rest_route=%2Fwp%2Fv2%2Fcomments&post=862"}],"version-history":[{"count":3,"href":"https:\/\/interessatb.com.br\/index.php?rest_route=\/wp\/v2\/posts\/862\/revisions"}],"predecessor-version":[{"id":1534,"href":"https:\/\/interessatb.com.br\/index.php?rest_route=\/wp\/v2\/posts\/862\/revisions\/1534"}],"wp:featuredmedia":[{"embeddable":true,"href":"https:\/\/interessatb.com.br\/index.php?rest_route=\/wp\/v2\/media\/1020"}],"wp:attachment":[{"href":"https:\/\/interessatb.com.br\/index.php?rest_route=%2Fwp%2Fv2%2Fmedia&parent=862"}],"wp:term":[{"taxonomy":"category","embeddable":true,"href":"https:\/\/interessatb.com.br\/index.php?rest_route=%2Fwp%2Fv2%2Fcategories&post=862"},{"taxonomy":"post_tag","embeddable":true,"href":"https:\/\/interessatb.com.br\/index.php?rest_route=%2Fwp%2Fv2%2Ftags&post=862"}],"curies":[{"name":"wp","href":"https:\/\/api.w.org\/{rel}","templated":true}]}}