{"id":866,"date":"2022-01-18T06:19:51","date_gmt":"2022-01-18T09:19:51","guid":{"rendered":"https:\/\/interessatb.com.br\/?p=866"},"modified":"2022-08-27T20:27:41","modified_gmt":"2022-08-27T23:27:41","slug":"oportunidade-de-emprego-para-o-censo-do-ibge-terao-inscricoes-encerradas-neste-dia-21-de-janeiro","status":"publish","type":"post","link":"https:\/\/interessatb.com.br\/?p=866","title":{"rendered":"Oportunidade de emprego para o Censo do IBGE ter\u00e3o inscri\u00e7\u00f5es encerradas neste dia 21 de janeiro"},"content":{"rendered":"\n<p>Essencial para a formula\u00e7\u00e3o de pol\u00edticas p\u00fablicas e para tra\u00e7ar o perfil de todas as camadas sociais, o Censo \u00e9 a mais completa pesquisa realizada no Brasil sobre a realidade da popula\u00e7\u00e3o em todo o territ\u00f3rio nacional.<\/p>\n\n\n\n<p>\u201cO Censo \u00e9 a \u00fanica investiga\u00e7\u00e3o familiar que cobre todos os munic\u00edpios do pa\u00eds. \u00c9 uma oportunidade \u00fanica de ver o retrato estrutural que \u00e9 essencial para o planejamento. \u00c9 uma pesquisa socioecon\u00f4mica completa\u201d, afirmou o presidente do IBGE, Eduardo Luiz Gon\u00e7alves Rios Neto.<\/p>\n\n\n<div class=\"wp-block-image\">\n<figure class=\"alignleft size-full is-resized\"><img loading=\"lazy\" decoding=\"async\" src=\"http:\/\/interessatb.com.br\/wp-content\/uploads\/2022\/08\/logo-casotec.png\" alt=\"\" class=\"wp-image-980\" width=\"384\" height=\"320\"\/><\/figure>\n<\/div>\n\n\n<p>Para tanto, o instituto contratar\u00e1, at\u00e9 o dia 21 de janeiro, 266 mil profissionais em diversos cargos para realizar o Censo 2022. Destes, 183 mil ser\u00e3o recenseadores. A escolaridade necess\u00e1ria \u00e9 o ensino fundamental completo, e a remunera\u00e7\u00e3o come\u00e7a em R$ 1,7 mil, podendo alcan\u00e7ar R$ 2,1 mil.<\/p>\n\n\n\n<p><strong>Veja tamb\u00e9m<\/strong><\/p>\n\n\n\n<p><a href=\"https:\/\/interessatb.com.br\/?p=857\">Prefeitura de Tibagi cancela o carnaval em 2022<\/a><\/p>\n\n\n\n<p><a href=\"https:\/\/interessatb.com.br\/?p=770\">Conv\u00eanio entre Klabin e Governo do Estado prev\u00ea R$ 450 milh\u00f5es em infraestrutura para a regi\u00e3o a partir de 2022<\/a><\/p>\n\n\n\n<p>As inscri\u00e7\u00f5es devem ser realizadas pela internet, <a href=\"https:\/\/conhecimento.fgv.br\/concursos\/ibgepss21\/10\">aqui<\/a>, para poder participar do processo seletivo. Os contratos ser\u00e3o tempor\u00e1rios, com jornada prevista de tr\u00eas meses &#8211; podendo haver renova\u00e7\u00e3o por um m\u00eas adicional. Todos os contratados receber\u00e3o f\u00e9rias e 13\u00ba sal\u00e1rio proporcionais.<\/p>\n\n\n\n<p>O Censo do IBGE ocorre a cada 10 anos e busca levantar a realidade da popula\u00e7\u00e3o, para dar suporte \u00e0s pol\u00edticas p\u00fablicas, al\u00e9m de disponibilizar dados para nortear iniciativas p\u00fablicas e privadas com base na realidade socioecon\u00f4mica dos brasileiros. O censo deste ano acontece com 2 anos de atraso, visto que deveria ter ocorrido em 2020. Os motivos alegados foram a interfer\u00eancia da Pandemia de Covid-19 e falta de or\u00e7amento.<\/p>\n\n\n\n<p>Fonte: Ag\u00eancia Brasil.<\/p>\n","protected":false},"excerpt":{"rendered":"<div class=\"mh-excerpt\"><p>Essencial para a formula\u00e7\u00e3o de pol\u00edticas p\u00fablicas e para tra\u00e7ar o perfil de todas as camadas sociais, o Censo \u00e9 a mais completa pesquisa realizada <a class=\"mh-excerpt-more\" href=\"https:\/\/interessatb.com.br\/?p=866\" title=\"Oportunidade de emprego para o Censo do IBGE ter\u00e3o inscri\u00e7\u00f5es encerradas neste dia 21 de janeiro\">[&#8230;]<\/a><\/p>\n<\/div>","protected":false},"author":1,"featured_media":1018,"comment_status":"closed","ping_status":"closed","sticky":false,"template":"","format":"standard","meta":{"footnotes":""},"categories":[16,2],"tags":[],"class_list":["post-866","post","type-post","status-publish","format-standard","has-post-thumbnail","hentry","category-brasil","category-cidade"],"_links":{"self":[{"href":"https:\/\/interessatb.com.br\/index.php?rest_route=\/wp\/v2\/posts\/866","targetHints":{"allow":["GET"]}}],"collection":[{"href":"https:\/\/interessatb.com.br\/index.php?rest_route=\/wp\/v2\/posts"}],"about":[{"href":"https:\/\/interessatb.com.br\/index.php?rest_route=\/wp\/v2\/types\/post"}],"author":[{"embeddable":true,"href":"https:\/\/interessatb.com.br\/index.php?rest_route=\/wp\/v2\/users\/1"}],"replies":[{"embeddable":true,"href":"https:\/\/interessatb.com.br\/index.php?rest_route=%2Fwp%2Fv2%2Fcomments&post=866"}],"version-history":[{"count":3,"href":"https:\/\/interessatb.com.br\/index.php?rest_route=\/wp\/v2\/posts\/866\/revisions"}],"predecessor-version":[{"id":1532,"href":"https:\/\/interessatb.com.br\/index.php?rest_route=\/wp\/v2\/posts\/866\/revisions\/1532"}],"wp:featuredmedia":[{"embeddable":true,"href":"https:\/\/interessatb.com.br\/index.php?rest_route=\/wp\/v2\/media\/1018"}],"wp:attachment":[{"href":"https:\/\/interessatb.com.br\/index.php?rest_route=%2Fwp%2Fv2%2Fmedia&parent=866"}],"wp:term":[{"taxonomy":"category","embeddable":true,"href":"https:\/\/interessatb.com.br\/index.php?rest_route=%2Fwp%2Fv2%2Fcategories&post=866"},{"taxonomy":"post_tag","embeddable":true,"href":"https:\/\/interessatb.com.br\/index.php?rest_route=%2Fwp%2Fv2%2Ftags&post=866"}],"curies":[{"name":"wp","href":"https:\/\/api.w.org\/{rel}","templated":true}]}}