{"id":877,"date":"2022-01-25T09:04:47","date_gmt":"2022-01-25T12:04:47","guid":{"rendered":"https:\/\/interessatb.com.br\/?p=877"},"modified":"2022-08-27T20:23:54","modified_gmt":"2022-08-27T23:23:54","slug":"azul-inicia-voos-em-dez-novos-destinos-conectando-o-interior-a-curitiba","status":"publish","type":"post","link":"https:\/\/interessatb.com.br\/?p=877","title":{"rendered":"Azul inicia voos em dez novos destinos conectando o Interior a Curitiba"},"content":{"rendered":"\n<p>Essas opera\u00e7\u00f5es ser\u00e3o realizadas de tr\u00eas a quatro vezes por semana, feitas com o Cessna Gran Caravan, modelo utilizado pela empresa sub-regional da Azul, a Azul Conecta, com capacidade para nove clientes.&nbsp;<\/p>\n\n\n\n<p>A Azul Linhas A\u00e9reas inicia nesta semana a opera\u00e7\u00e3o de dez novos destinos no Paran\u00e1. Todos conectam cidades do Interior a Curitiba, como parte do Voe Paran\u00e1, maior programa de avia\u00e7\u00e3o regional do Pa\u00eds. Os munic\u00edpios de Cianorte, Tel\u00eamaco Borba, Arapongas, Campo Mour\u00e3o, Apucarana, Gua\u00edra, Francisco Beltr\u00e3o, Corn\u00e9lio Proc\u00f3pio e Uni\u00e3o da Vit\u00f3ria passaram a receber voos vindos da Capital nesta segunda-feira (24) e nesta ter\u00e7a (25) ser\u00e1 a vez de Umuarama.<\/p>\n\n\n<div class=\"wp-block-image\">\n<figure class=\"alignleft size-full\"><img loading=\"lazy\" decoding=\"async\" width=\"439\" height=\"536\" src=\"http:\/\/interessatb.com.br\/wp-content\/uploads\/2022\/03\/Lapidar1.png\" alt=\"\" class=\"wp-image-974\"\/><\/figure>\n<\/div>\n\n\n<p>A concretiza\u00e7\u00e3o destas opera\u00e7\u00f5es se deve a uma parceria do Governo do Estado com a Azul. Em outubro de 2021, executivos da companhia e o Governo do Paran\u00e1 anunciaram o acordo de expans\u00e3o da malha a\u00e9rea em todo o estado. Desde o final do ano passado, a empresa j\u00e1 comercializa passagens&nbsp;para os dez novos destinos em todos os seus canais oficiais.<\/p>\n\n\n\n<p><strong>Veja tamb\u00e9m<\/strong><\/p>\n\n\n\n<p><a href=\"https:\/\/interessatb.com.br\/?p=870\">IFPR-TB divulga resultado provis\u00f3rio do sorteio p\u00fablico para o PSS do ensino m\u00e9dio<\/a><\/p>\n\n\n\n<p><a href=\"https:\/\/interessatb.com.br\/?p=833\">Alistamento militar obrigat\u00f3rio 2022 est\u00e1 com inscri\u00e7\u00f5es abertas at\u00e9 junho<\/a><\/p>\n\n\n\n<p>As cidades paranaenses contempladas com o programa Voe Paran\u00e1 s\u00e3o: Cianorte, Tel\u00eamaco Borba, Arapongas, Campo Mour\u00e3o, Apucarana, Gua\u00edra, Francisco Beltr\u00e3o, Corn\u00e9lio Proc\u00f3pio, Uni\u00e3o da Vit\u00f3ria e Umuarama. Em mar\u00e7o ser\u00e1 inclu\u00edda no programa a cidade de Paranava\u00ed.<\/p>\n\n\n\n<p>Confira a programa\u00e7\u00e3o dos voos para Tel\u00eamaco Borba<\/p>\n\n\n\n<p><strong>INICIADOS NESTA SEGUNDA-FEIRA<\/strong><\/p>\n\n\n\n<p><strong>Curitiba \u2013 Tel\u00eamaco Borba<\/strong><\/p>\n\n\n\n<p>Origem: Curitiba. Sa\u00edda: 11h20. Destino: Tel\u00eamaco Borba. Chegada: 12h30. Dias: segundas, quartas e sextas.<\/p>\n\n\n\n<p>Origem: Tel\u00eamaco Borba. Sa\u00edda: 12h55. Destino: Curitiba. Chegada: 14h. Dias: segundas, quartas e sextas.<\/p>\n","protected":false},"excerpt":{"rendered":"<div class=\"mh-excerpt\"><p>Essas opera\u00e7\u00f5es ser\u00e3o realizadas de tr\u00eas a quatro vezes por semana, feitas com o Cessna Gran Caravan, modelo utilizado pela empresa sub-regional da Azul, a <a class=\"mh-excerpt-more\" href=\"https:\/\/interessatb.com.br\/?p=877\" title=\"Azul inicia voos em dez novos destinos conectando o Interior a Curitiba\">[&#8230;]<\/a><\/p>\n<\/div>","protected":false},"author":1,"featured_media":1013,"comment_status":"closed","ping_status":"closed","sticky":false,"template":"","format":"standard","meta":{"footnotes":""},"categories":[2,12],"tags":[],"class_list":["post-877","post","type-post","status-publish","format-standard","has-post-thumbnail","hentry","category-cidade","category-parana"],"_links":{"self":[{"href":"https:\/\/interessatb.com.br\/index.php?rest_route=\/wp\/v2\/posts\/877","targetHints":{"allow":["GET"]}}],"collection":[{"href":"https:\/\/interessatb.com.br\/index.php?rest_route=\/wp\/v2\/posts"}],"about":[{"href":"https:\/\/interessatb.com.br\/index.php?rest_route=\/wp\/v2\/types\/post"}],"author":[{"embeddable":true,"href":"https:\/\/interessatb.com.br\/index.php?rest_route=\/wp\/v2\/users\/1"}],"replies":[{"embeddable":true,"href":"https:\/\/interessatb.com.br\/index.php?rest_route=%2Fwp%2Fv2%2Fcomments&post=877"}],"version-history":[{"count":4,"href":"https:\/\/interessatb.com.br\/index.php?rest_route=\/wp\/v2\/posts\/877\/revisions"}],"predecessor-version":[{"id":1528,"href":"https:\/\/interessatb.com.br\/index.php?rest_route=\/wp\/v2\/posts\/877\/revisions\/1528"}],"wp:featuredmedia":[{"embeddable":true,"href":"https:\/\/interessatb.com.br\/index.php?rest_route=\/wp\/v2\/media\/1013"}],"wp:attachment":[{"href":"https:\/\/interessatb.com.br\/index.php?rest_route=%2Fwp%2Fv2%2Fmedia&parent=877"}],"wp:term":[{"taxonomy":"category","embeddable":true,"href":"https:\/\/interessatb.com.br\/index.php?rest_route=%2Fwp%2Fv2%2Fcategories&post=877"},{"taxonomy":"post_tag","embeddable":true,"href":"https:\/\/interessatb.com.br\/index.php?rest_route=%2Fwp%2Fv2%2Ftags&post=877"}],"curies":[{"name":"wp","href":"https:\/\/api.w.org\/{rel}","templated":true}]}}