{"id":885,"date":"2022-01-29T12:12:31","date_gmt":"2022-01-29T15:12:31","guid":{"rendered":"https:\/\/interessatb.com.br\/?p=885"},"modified":"2022-08-27T20:19:39","modified_gmt":"2022-08-27T23:19:39","slug":"este-ano-tem-eleicoes-e-prazo-para-regularizar-situacao-do-titulo-de-eleitor-encerra-se-em-4-de-maio","status":"publish","type":"post","link":"https:\/\/interessatb.com.br\/?p=885","title":{"rendered":"Este ano tem elei\u00e7\u00f5es e prazo para regularizar situa\u00e7\u00e3o do t\u00edtulo de eleitor encerra dia 4 de maio"},"content":{"rendered":"\n<p>Nas elei\u00e7\u00f5es de 2022 estar\u00e3o em disputa os cargos de presidente da Rep\u00fablica e vice, governadores, senadores, deputados federais e deputados estaduais. No Distrito Federal disputa-se o cargo de deputado distrital, equivalente ao cargo de deputado estadual.<\/p>\n\n\n\n<p>O voto no Brasil \u00e9 obrigat\u00f3rio para os maiores de 18 anos e facultativo para os analfabetos, os maiores de 70 anos e os jovens de 16 e 17 anos. Nas elei\u00e7\u00f5es deste ano, a vota\u00e7\u00e3o em primeiro turno ocorrer\u00e1 no dia 2 de outubro, e o segundo turno, se houver, em 30 de outubro.<\/p>\n\n\n<div class=\"wp-block-image\">\n<figure class=\"alignleft size-full\"><img loading=\"lazy\" decoding=\"async\" width=\"300\" height=\"250\" src=\"http:\/\/interessatb.com.br\/wp-content\/uploads\/2022\/03\/baixa_resolucao_castelo.png\" alt=\"\" class=\"wp-image-987\"\/><\/figure>\n<\/div>\n\n\n<p>Est\u00e3o aptos a votar nas elei\u00e7\u00f5es de 2022 eleitoras e eleitores que apresentam situa\u00e7\u00e3o regular perante a Justi\u00e7a Eleitoral. Ou seja, que n\u00e3o t\u00eam pend\u00eancias que os impe\u00e7am de exercer o direito ao voto. Aquele que fizer 16 anos no dia das elei\u00e7\u00f5es poder\u00e1 tirar o t\u00edtulo normalmente, mas o documento ter\u00e1 validade somente a partir da data em que completar a idade m\u00ednima para votar de forma facultativa.<\/p>\n\n\n\n<p><strong>Impedimentos&nbsp;<\/strong><\/p>\n\n\n\n<p>Portanto, n\u00e3o poder\u00e1 votar nas elei\u00e7\u00f5es de outubro o cidad\u00e3o que n\u00e3o tirou o t\u00edtulo eleitoral nem regularizou a situa\u00e7\u00e3o com a Justi\u00e7a Eleitoral at\u00e9 4 de maio, data-limite para o alistamento, uma vez que o cadastro eleitoral ser\u00e1 fechado ap\u00f3s esse dia. Tamb\u00e9m ser\u00e1 impedido de votar aquele que estiver com o t\u00edtulo cancelado por n\u00e3o ter votado em tr\u00eas elei\u00e7\u00f5es consecutivas e por n\u00e3o ter apresentado justificativa de aus\u00eancia. Para efeito dessa regra, cada turno de um pleito \u00e9 considerado uma elei\u00e7\u00e3o.<\/p>\n\n\n\n<p><strong>Veja tamb\u00e9m<\/strong><\/p>\n\n\n\n<p><a href=\"https:\/\/interessatb.com.br\/?p=877\">Azul inicia voos em dez novos destinos conectando o Interior a Curitiba<\/a><\/p>\n\n\n\n<p><a href=\"https:\/\/interessatb.com.br\/?p=857\">Prefeitura de Tibagi cancela o carnaval em 2022<\/a><\/p>\n\n\n\n<p><strong>O que \u00e9 necess\u00e1rio para votar?<\/strong><\/p>\n\n\n\n<p>O eleitor deve se dirigir \u00e0 se\u00e7\u00e3o eleitoral e apresentar ao mes\u00e1rio um documento oficial com foto (carteira de identidade, passaporte, carteira de categoria profissional reconhecida por lei, certificado de reservista, carteira de trabalho ou carteira nacional de habilita\u00e7\u00e3o). N\u00e3o \u00e9 obrigat\u00f3rio apresentar o t\u00edtulo de eleitor para votar. Contudo, a Justi\u00e7a Eleitoral recomenda ao eleitor levar o t\u00edtulo em sua vers\u00e3o digital, o e-T\u00edtulo, ou impressa para facilitar a identifica\u00e7\u00e3o da se\u00e7\u00e3o eleitoral.<br><\/p>\n\n\n\n<p><em>Texto adaptado de: Tribunal Superior Eleitoral<\/em><\/p>\n\n\n\n<p><\/p>\n","protected":false},"excerpt":{"rendered":"<div class=\"mh-excerpt\"><p>Nas elei\u00e7\u00f5es de 2022 estar\u00e3o em disputa os cargos de presidente da Rep\u00fablica e vice, governadores, senadores, deputados federais e deputados estaduais. No Distrito Federal <a class=\"mh-excerpt-more\" href=\"https:\/\/interessatb.com.br\/?p=885\" title=\"Este ano tem elei\u00e7\u00f5es e prazo para regularizar situa\u00e7\u00e3o do t\u00edtulo de eleitor encerra dia 4 de maio\">[&#8230;]<\/a><\/p>\n<\/div>","protected":false},"author":1,"featured_media":1011,"comment_status":"closed","ping_status":"closed","sticky":false,"template":"","format":"standard","meta":{"footnotes":""},"categories":[16,2,13],"tags":[],"class_list":["post-885","post","type-post","status-publish","format-standard","has-post-thumbnail","hentry","category-brasil","category-cidade","category-politica"],"_links":{"self":[{"href":"https:\/\/interessatb.com.br\/index.php?rest_route=\/wp\/v2\/posts\/885","targetHints":{"allow":["GET"]}}],"collection":[{"href":"https:\/\/interessatb.com.br\/index.php?rest_route=\/wp\/v2\/posts"}],"about":[{"href":"https:\/\/interessatb.com.br\/index.php?rest_route=\/wp\/v2\/types\/post"}],"author":[{"embeddable":true,"href":"https:\/\/interessatb.com.br\/index.php?rest_route=\/wp\/v2\/users\/1"}],"replies":[{"embeddable":true,"href":"https:\/\/interessatb.com.br\/index.php?rest_route=%2Fwp%2Fv2%2Fcomments&post=885"}],"version-history":[{"count":3,"href":"https:\/\/interessatb.com.br\/index.php?rest_route=\/wp\/v2\/posts\/885\/revisions"}],"predecessor-version":[{"id":1525,"href":"https:\/\/interessatb.com.br\/index.php?rest_route=\/wp\/v2\/posts\/885\/revisions\/1525"}],"wp:featuredmedia":[{"embeddable":true,"href":"https:\/\/interessatb.com.br\/index.php?rest_route=\/wp\/v2\/media\/1011"}],"wp:attachment":[{"href":"https:\/\/interessatb.com.br\/index.php?rest_route=%2Fwp%2Fv2%2Fmedia&parent=885"}],"wp:term":[{"taxonomy":"category","embeddable":true,"href":"https:\/\/interessatb.com.br\/index.php?rest_route=%2Fwp%2Fv2%2Fcategories&post=885"},{"taxonomy":"post_tag","embeddable":true,"href":"https:\/\/interessatb.com.br\/index.php?rest_route=%2Fwp%2Fv2%2Ftags&post=885"}],"curies":[{"name":"wp","href":"https:\/\/api.w.org\/{rel}","templated":true}]}}