{"id":898,"date":"2022-02-05T05:44:05","date_gmt":"2022-02-05T08:44:05","guid":{"rendered":"https:\/\/interessatb.com.br\/?p=898"},"modified":"2022-08-27T20:14:55","modified_gmt":"2022-08-27T23:14:55","slug":"prefeito-de-telemaco-borba-testa-positivo-para-covid-19","status":"publish","type":"post","link":"https:\/\/interessatb.com.br\/?p=898","title":{"rendered":"Prefeito de Tel\u00eamaco Borba testa positivo para Covid-19"},"content":{"rendered":"\n<p>Dr. M\u00e1rcio Artur de Matos, prefeito de Tel\u00eamaco Borba, testou positivo para Covid-19 nesta quinta-feira, 03, segundo nota da assessoria de imprensa da prefeitura municipal.<\/p>\n\n\n\n<p><\/p>\n\n\n\n<p>Embora sem sintomas, Dr. M\u00e1rcio permanece em isolamento por precau\u00e7\u00e3o, respeitando os protocolos estabelecidos de sa\u00fade p\u00fablica. Caso o quadro de sa\u00fade permane\u00e7a inalterado deve retornar \u00e0s atividades em sete dias, quando novo exame ser\u00e1 realizado para aferir o fim do risco da transmiss\u00e3o da doen\u00e7a.<\/p>\n\n\n<div class=\"wp-block-image\">\n<figure class=\"alignleft size-full\"><img loading=\"lazy\" decoding=\"async\" width=\"300\" height=\"250\" src=\"http:\/\/interessatb.com.br\/wp-content\/uploads\/2022\/03\/baixa_resolucao_castelo.png\" alt=\"\" class=\"wp-image-987\"\/><\/figure>\n<\/div>\n\n\n<p><strong>Veja tamb\u00e9m<\/strong><\/p>\n\n\n\n<p><a href=\"https:\/\/interessatb.com.br\/?p=885\">Este ano tem elei\u00e7\u00f5es e prazo para regularizar situa\u00e7\u00e3o do t\u00edtulo de eleitor encerra dia 4 de maio<\/a><\/p>\n\n\n\n<p><a href=\"https:\/\/interessatb.com.br\/?p=877\">Azul inicia voos em dez novos destinos conectando o Interior a Curitiba<\/a><\/p>\n\n\n\n<p>M\u00e9dico formado em 1974 no estado de S\u00e3o Paulo, Dr. M\u00e1rcio est\u00e1 no segundo mandato de prefeito do munic\u00edpio de Tel\u00eamaco Borba, cargo em que exerce desde 2017. Nascido na cidade de Mineiros do Tiet\u00ea, interior do estado de S\u00e3o Paulo, tem como vice-prefeita a Farmac\u00eautica Rita Mara de Paula Araujo.<\/p>\n","protected":false},"excerpt":{"rendered":"<div class=\"mh-excerpt\"><p>Dr. M\u00e1rcio Artur de Matos, prefeito de Tel\u00eamaco Borba, testou positivo para Covid-19 nesta quinta-feira, 03, segundo nota da assessoria de imprensa da prefeitura municipal. <a class=\"mh-excerpt-more\" href=\"https:\/\/interessatb.com.br\/?p=898\" title=\"Prefeito de Tel\u00eamaco Borba testa positivo para Covid-19\">[&#8230;]<\/a><\/p>\n<\/div>","protected":false},"author":1,"featured_media":1007,"comment_status":"closed","ping_status":"closed","sticky":false,"template":"","format":"standard","meta":{"footnotes":""},"categories":[2,15],"tags":[],"class_list":["post-898","post","type-post","status-publish","format-standard","has-post-thumbnail","hentry","category-cidade","category-saude"],"_links":{"self":[{"href":"https:\/\/interessatb.com.br\/index.php?rest_route=\/wp\/v2\/posts\/898","targetHints":{"allow":["GET"]}}],"collection":[{"href":"https:\/\/interessatb.com.br\/index.php?rest_route=\/wp\/v2\/posts"}],"about":[{"href":"https:\/\/interessatb.com.br\/index.php?rest_route=\/wp\/v2\/types\/post"}],"author":[{"embeddable":true,"href":"https:\/\/interessatb.com.br\/index.php?rest_route=\/wp\/v2\/users\/1"}],"replies":[{"embeddable":true,"href":"https:\/\/interessatb.com.br\/index.php?rest_route=%2Fwp%2Fv2%2Fcomments&post=898"}],"version-history":[{"count":4,"href":"https:\/\/interessatb.com.br\/index.php?rest_route=\/wp\/v2\/posts\/898\/revisions"}],"predecessor-version":[{"id":1521,"href":"https:\/\/interessatb.com.br\/index.php?rest_route=\/wp\/v2\/posts\/898\/revisions\/1521"}],"wp:featuredmedia":[{"embeddable":true,"href":"https:\/\/interessatb.com.br\/index.php?rest_route=\/wp\/v2\/media\/1007"}],"wp:attachment":[{"href":"https:\/\/interessatb.com.br\/index.php?rest_route=%2Fwp%2Fv2%2Fmedia&parent=898"}],"wp:term":[{"taxonomy":"category","embeddable":true,"href":"https:\/\/interessatb.com.br\/index.php?rest_route=%2Fwp%2Fv2%2Fcategories&post=898"},{"taxonomy":"post_tag","embeddable":true,"href":"https:\/\/interessatb.com.br\/index.php?rest_route=%2Fwp%2Fv2%2Ftags&post=898"}],"curies":[{"name":"wp","href":"https:\/\/api.w.org\/{rel}","templated":true}]}}