{"id":905,"date":"2022-02-05T06:47:12","date_gmt":"2022-02-05T09:47:12","guid":{"rendered":"https:\/\/interessatb.com.br\/?p=905"},"modified":"2022-08-27T20:12:38","modified_gmt":"2022-08-27T23:12:38","slug":"voltas-as-aulas-presenciais-em-telemaco-borba-e-regiao-acontecem-a-partir-desta-semana-com-diversidade-de-calendarios-escolares","status":"publish","type":"post","link":"https:\/\/interessatb.com.br\/?p=905","title":{"rendered":"Aulas presenciais em Tel\u00eamaco Borba e regi\u00e3o voltam a partir desta semana, com diversidade de calend\u00e1rios"},"content":{"rendered":"\n<p>A rede p\u00fablica estadual, seguindo o calend\u00e1rio escolar aprovado, iniciou esta semana suas atividades nas escolas, com o planejamento, estudos e organiza\u00e7\u00e3o dos espa\u00e7os para a acolhida no retorno dos alunos de Ensino Fundamental Anos Finais (do 6\u00ba ao 9\u00ba ano) e Ensino M\u00e9dio. As aulas para a rede estadual iniciam no dia 07, pr\u00f3xima segunda-feira.<\/p>\n\n\n\n<p>O munic\u00edpio de Tel\u00eamaco Borba tamb\u00e9m inicia as atividades com alunos a partir da pr\u00f3xima semana e o retorno \u00e0s aulas na rede municipal ser\u00e1 escalonado. No dia 08 de fevereiro, retornar\u00e3o os estudantes do 1\u2070 ao 5\u2070 ano e CMEI\u2019s (turmas de 3 anos de forma integral). Para o retorno das crian\u00e7as de 0 a 2 anos, a SME informa aos pais ou respons\u00e1veis que aguardem novas orienta\u00e7\u00f5es. <\/p>\n\n\n\n<p>No dia 14 de fevereiro, retornam as crian\u00e7as da Educa\u00e7\u00e3o Infantil nas escolas &#8211; turmas de 04 e 05 anos. Em todos os casos, \u00e9 obrigat\u00f3rio que crian\u00e7as, estudantes, professores e funcion\u00e1rios das institui\u00e7\u00f5es utilizem m\u00e1scara e sejam cumpridos todos os protocolos de biosseguran\u00e7a.<\/p>\n\n\n<div class=\"wp-block-image\">\n<figure class=\"alignleft size-full is-resized\"><img loading=\"lazy\" decoding=\"async\" src=\"http:\/\/interessatb.com.br\/wp-content\/uploads\/2022\/03\/Lapidar1.png\" alt=\"\" class=\"wp-image-974\" width=\"329\" height=\"402\"\/><\/figure>\n<\/div>\n\n\n<p>Col\u00e9gios particulares de Tel\u00eamaco Borba j\u00e1 voltaram \u00e0s aulas desde o in\u00edcio do m\u00eas de fevereiro. <\/p>\n\n\n\n<p>O munic\u00edpio de Tibagi divulgou esta semana o retorno das atividades presenciais da rede municipal de educa\u00e7\u00e3o, com forma\u00e7\u00f5es pedag\u00f3gicas para os profissionais do magist\u00e9rio acontecendo desde o dia 01 de fevereiro.<\/p>\n\n\n\n<p><strong>Veja tamb\u00e9m<\/strong><\/p>\n\n\n\n<p><a href=\"https:\/\/interessatb.com.br\/?p=898\">Prefeito de Tel\u00eamaco Borba testa positivo para Covid-19<\/a><\/p>\n\n\n\n<p><a href=\"https:\/\/interessatb.com.br\/?p=857\">Prefeitura de Tibagi cancela o carnaval em 2022<\/a><\/p>\n\n\n\n<p><a href=\"https:\/\/interessatb.com.br\/?p=833\">Alistamento militar obrigat\u00f3rio 2022 est\u00e1 com inscri\u00e7\u00f5es abertas at\u00e9 junho<\/a><\/p>\n\n\n\n<p>O IFPR Campus de Tel\u00eamaco Borba segue o protocolo estabelecido pelo Plano de Conting\u00eancia estabelecido para toda a rede do IFPR. A partir do dia 14 de fevereiro acontece a fase 4 do plano de retomada das aulas, com retorno administrativo presencial. Aos alunos \u00e9 facultada a op\u00e7\u00e3o de retorno presencial ou permanecer no formato de aulas remotas no momento da volta. Tamb\u00e9m fica estabelecido um r\u00edgido protocolo sanit\u00e1rio a ser seguido para todos que estivem convivendo no formato presencial.<\/p>\n\n\n\n<p>Em nota a UEPG informa que as aula te\u00f3ricas tiveram in\u00edcio no dia 02 de fevereiro em formato online, com aulas pr\u00e1ticas em formato presencial a partir da pr\u00f3xima segunda-feira, 07. A expectativa \u00e9 de  retorno presencial das aulas a partir do dia 7 de mar\u00e7o.<\/p>\n\n\n\n<p>Diante do quadro de incerteza sobre os rumos da pandemia neste momento, as redes de ensino da Educa\u00e7\u00e3o B\u00e1sica tomam a iniciativa do retorno \u00e0s atividades presenciais, enquanto que institui\u00e7\u00f5es de Ensino Superior adotam uma postura de maior cautela quanto ao retorno.<\/p>\n","protected":false},"excerpt":{"rendered":"<div class=\"mh-excerpt\"><p>A rede p\u00fablica estadual, seguindo o calend\u00e1rio escolar aprovado, iniciou esta semana suas atividades nas escolas, com o planejamento, estudos e organiza\u00e7\u00e3o dos espa\u00e7os para <a class=\"mh-excerpt-more\" href=\"https:\/\/interessatb.com.br\/?p=905\" title=\"Aulas presenciais em Tel\u00eamaco Borba e regi\u00e3o voltam a partir desta semana, com diversidade de calend\u00e1rios\">[&#8230;]<\/a><\/p>\n<\/div>","protected":false},"author":1,"featured_media":1004,"comment_status":"closed","ping_status":"closed","sticky":false,"template":"","format":"standard","meta":{"footnotes":""},"categories":[5,14],"tags":[],"class_list":["post-905","post","type-post","status-publish","format-standard","has-post-thumbnail","hentry","category-educacao","category-regiao"],"_links":{"self":[{"href":"https:\/\/interessatb.com.br\/index.php?rest_route=\/wp\/v2\/posts\/905","targetHints":{"allow":["GET"]}}],"collection":[{"href":"https:\/\/interessatb.com.br\/index.php?rest_route=\/wp\/v2\/posts"}],"about":[{"href":"https:\/\/interessatb.com.br\/index.php?rest_route=\/wp\/v2\/types\/post"}],"author":[{"embeddable":true,"href":"https:\/\/interessatb.com.br\/index.php?rest_route=\/wp\/v2\/users\/1"}],"replies":[{"embeddable":true,"href":"https:\/\/interessatb.com.br\/index.php?rest_route=%2Fwp%2Fv2%2Fcomments&post=905"}],"version-history":[{"count":4,"href":"https:\/\/interessatb.com.br\/index.php?rest_route=\/wp\/v2\/posts\/905\/revisions"}],"predecessor-version":[{"id":1519,"href":"https:\/\/interessatb.com.br\/index.php?rest_route=\/wp\/v2\/posts\/905\/revisions\/1519"}],"wp:featuredmedia":[{"embeddable":true,"href":"https:\/\/interessatb.com.br\/index.php?rest_route=\/wp\/v2\/media\/1004"}],"wp:attachment":[{"href":"https:\/\/interessatb.com.br\/index.php?rest_route=%2Fwp%2Fv2%2Fmedia&parent=905"}],"wp:term":[{"taxonomy":"category","embeddable":true,"href":"https:\/\/interessatb.com.br\/index.php?rest_route=%2Fwp%2Fv2%2Fcategories&post=905"},{"taxonomy":"post_tag","embeddable":true,"href":"https:\/\/interessatb.com.br\/index.php?rest_route=%2Fwp%2Fv2%2Ftags&post=905"}],"curies":[{"name":"wp","href":"https:\/\/api.w.org\/{rel}","templated":true}]}}